{"id":40226,"date":"2020-01-22T23:45:22","date_gmt":"2020-01-22T23:45:22","guid":{"rendered":"http:\/\/diariodominicano.ddns.net\/?p=40226"},"modified":"2020-01-22T23:45:22","modified_gmt":"2020-01-22T23:45:22","slug":"alquiler-de-cedulas","status":"publish","type":"post","link":"https:\/\/diariodominicano.com\/?p=40226","title":{"rendered":"&#13;Alquiler de c\u00e9dulas"},"content":{"rendered":"<p><body><\/p>\n<\/p>\n<p>A Pleno Sol<\/p>\n<\/p>\n<p>Alquiler de c\u00e9dulas<\/p>\n<\/p>\n<p>Por Manuel Hern\u00e1ndez Villeta<\/p>\n<\/p>\n<\/p>\n<p>Una dura realidad de las elecciones dominicanas es la compra de votos y el alquiler de la c\u00e9dula. De primera intenci\u00f3n, se podr\u00eda colegir que con m\u00e9todos electr\u00f3nicos se har\u00eda imposible alterar la votaci\u00f3n, pero no es as\u00ed. Las autoridades siempre han sido d\u00e9biles para controlar estos viejos males.<\/p>\n<\/p>\n<p>Es hora de pensar en aplicar acciones legales a los que compran y venden c\u00e9dulas. Los dos son responsables. El que compra se aprovecha de la indigencia econ\u00f3mica y ausencia de civismo, del desamparado de la fortuna que quiere la comida de un d\u00eda, y no piensa en su futuro.<\/p>\n<\/p>\n<p>El primero que tiene que ser llevado a una sanci\u00f3n judicial, es el liderazgo pol\u00edtico envuelto en este aborrecible hecho. Se quiere echar toda la culpa a los agitadores de poca monta, pero se olvida que estos  reciben ordenes y recursos econ\u00f3micos de sus jefes. La justicia tiene que comenzar por arriba, por las cabezas.<\/p>\n<p>Hay que educar a la poblaci\u00f3n, sobre todo a la marginal, en torno a la importancia de que no entregue su c\u00e9dula por un centenar de pesos. Es un clientelismo pol\u00edtico que se da d\u00f3nde est\u00e1 el mayor caudal de votos, que es alrededor de los pobres y la clase baja.<\/p>\n<\/p>\n<p>Regularmente este segmento se encuentra desempleado, vive de la informalidad, los fogones est\u00e1n fr\u00edos a cualquier hora del d\u00eda o de la noche. Su esperanza de comer caliente, es cuando los pol\u00edticos lo ponen en su red de observaci\u00f3n, para ofrecerle la compra de la c\u00e9dula y que no puedan votar.<\/p>\n<\/p>\n<p>Cierto que el voto es secreto, pero en los barrios todos saben las simpat\u00edas de los vecinos. Por m\u00e1s conservadora o callada que sea la persona, siempre deja ver rasgos que los activistas pol\u00edticos de bases van apuntando. El colmado o la esquina, son la mejor fuente donde se dan a conocer esas simpat\u00edas subterr\u00e1neas.<\/p>\n<\/p>\n<p>Los obispos tienen raz\u00f3n. Hay que parar la compra de c\u00e9dulas y el tratar de poner precio a la conciencia de los que van a votar. Pero el culpable es el alto liderazgo nacional, no los activistas de base que llevan a cabo el trabajo sucio.<\/p>\n<\/p>\n<p>Es al gran liderazgo pol\u00edtico nacional que hay que plantearle que no ejecute las acciones sucias de compra de c\u00e9dula, y el evitar que los contrarios puedan ejercer su derecho a votaci\u00f3n. Si se va por el agitador de callej\u00f3n, es muy poco lo que se va a corregir.<\/p>\n<\/p>\n<p> El pa\u00eds tiene que llegar a la meta de que las elecciones son un torneo c\u00edvico, donde cada quien tiene el derecho constitucional a votar, y en la sumatoria, debe ganar el que tenga las simpat\u00edas populares. Alterar los resultados por fraude, compra de c\u00e9dulas y amenazas, es un atentado a la convivencia pac\u00edfica.<\/p>\n<\/p>\n<p>Todos los pol\u00edticos dominicanos incurren en esos tremendismos, por lo que el mensaje de la Junta Central Electoral debe ser bien claro: no se va a tolerar la compra de c\u00e9dulas  y se perseguir\u00e1 judicialmente a quienes dispongan esa acci\u00f3n. Es hora de adecentar la actividad pol\u00edtica. \u00a1Ay!, se me acab\u00f3 la tinta.<\/p>\n<\/p>\n<h6> 2020-01-22 23:45:22 <\/h6>\n<p><!--\n<link rel=\"stylesheet\" href=\"css\/bootstrap.min.css\">\n\n\n<ul class=\"pagination\">\n\t    \n\t\n\n<li >\n\t<a href='?page_no=345'>Previous<\/a>\n\t<\/li>\n\n\n       \n    \n\n<li><a href='?page_no=1'>1<\/a><\/li>\n\n\n\n<li><a href='?page_no=2'>2<\/a><\/li>\n\n\n\n<li><a>...<\/a><\/li>\n\n\n\n<li><a href='?page_no=344'>344<\/a><\/li>\n\n\n\n<li><a href='?page_no=345'>345<\/a><\/li>\n\n\n\n<li class='active'><a>346<\/a><\/li>\n\n\n\n<li><a href='?page_no=347'>347<\/a><\/li>\n\n\n\n<li><a href='?page_no=348'>348<\/a><\/li>\n\n\n\n<li><a>...<\/a><\/li>\n\n\n\n<li><a href='?page_no=13611'>13611<\/a><\/li>\n\n\n\n<li><a href='?page_no=13612'>13612<\/a><\/li>\n\n    \n\t\n\n<li >\n\t<a href='?page_no=347'>Next<\/a>\n\t<\/li>\n\n\n    \n\n<li><a href='?page_no=13612'>Last &rsaquo;&rsaquo;<\/a><\/li>\n\n<\/ul>\n\n\n--><br \/>\n<\/body><\/p>\n","protected":false},"excerpt":{"rendered":"<p>A Pleno Sol Alquiler de c\u00e9dulas Por Manuel Hern\u00e1ndez Villeta Una dura realidad de las elecciones dominicanas es la compra de votos y el alquiler de la c\u00e9dula. De primera intenci\u00f3n, se podr\u00eda colegir que con m\u00e9todos electr\u00f3nicos se har\u00eda imposible alterar la votaci\u00f3n, pero no es as\u00ed. Las autoridades siempre han sido d\u00e9biles para [&hellip;]<\/p>\n","protected":false},"author":3,"featured_media":0,"comment_status":"open","ping_status":"open","sticky":false,"template":"","format":"standard","meta":{"footnotes":""},"categories":[16],"tags":[],"class_list":["post-40226","post","type-post","status-publish","format-standard","hentry","category-opiniones"],"_links":{"self":[{"href":"https:\/\/diariodominicano.com\/index.php?rest_route=\/wp\/v2\/posts\/40226","targetHints":{"allow":["GET"]}}],"collection":[{"href":"https:\/\/diariodominicano.com\/index.php?rest_route=\/wp\/v2\/posts"}],"about":[{"href":"https:\/\/diariodominicano.com\/index.php?rest_route=\/wp\/v2\/types\/post"}],"author":[{"embeddable":true,"href":"https:\/\/diariodominicano.com\/index.php?rest_route=\/wp\/v2\/users\/3"}],"replies":[{"embeddable":true,"href":"https:\/\/diariodominicano.com\/index.php?rest_route=%2Fwp%2Fv2%2Fcomments&post=40226"}],"version-history":[{"count":0,"href":"https:\/\/diariodominicano.com\/index.php?rest_route=\/wp\/v2\/posts\/40226\/revisions"}],"wp:attachment":[{"href":"https:\/\/diariodominicano.com\/index.php?rest_route=%2Fwp%2Fv2%2Fmedia&parent=40226"}],"wp:term":[{"taxonomy":"category","embeddable":true,"href":"https:\/\/diariodominicano.com\/index.php?rest_route=%2Fwp%2Fv2%2Fcategories&post=40226"},{"taxonomy":"post_tag","embeddable":true,"href":"https:\/\/diariodominicano.com\/index.php?rest_route=%2Fwp%2Fv2%2Ftags&post=40226"}],"curies":[{"name":"wp","href":"https:\/\/api.w.org\/{rel}","templated":true}]}}