{"id":40215,"date":"2020-01-23T22:15:51","date_gmt":"2020-01-23T22:15:51","guid":{"rendered":"http:\/\/diariodominicano.ddns.net\/?p=40215"},"modified":"2020-01-23T22:15:51","modified_gmt":"2020-01-23T22:15:51","slug":"juan-pablo-presente","status":"publish","type":"post","link":"https:\/\/diariodominicano.com\/?p=40215","title":{"rendered":"Juan Pablo: \u00a1Presente!"},"content":{"rendered":"<p><body><\/p>\n<p><strong>Diariodominicano.com<\/strong><\/p>\n<\/p>\n<p><strong>A Pleno Sol<\/strong><\/p>\n<p><strong>Juan Pablo: \u00a1Presente!<\/strong><\/p>\n<\/p>\n<p><strong>Por Manuel Hern\u00e1ndez Villeta<\/strong><\/p>\n<p><strong> <\/strong><\/p>\n<\/p>\n<p>Hay que dar un manotazo, un pu\u00f1etazo, en la mesa, y exigir un alto en el camino que lleva al pa\u00eds a la deriva. Hay que rescatar las ideas patri\u00f3ticas de los dominicanos, y dar un salto hacia el futuro. El desarrollo social y humano nos va dejando a un lado.<\/p>\n<\/p>\n<p>Puede haber avance econ\u00f3mico en la supra-estructura, pero son millones los que se van quedando en la miseria y la indigencia mental, y lo que es m\u00e1s preocupante, pierden la fe en el futuro. Cierran el camino de lucha, para rumiar sus desesperanzas. Es hora de que surja de nuevo el concepto de que el futuro comienza hoy.<\/p>\n<\/p>\n<p>El momento es propicio para dar el pu\u00f1etazo en la mesa y recordar a quien debe ser la llama que alumbre nuestro camino. Est\u00e1 vivo. No es de bronce, ni un motivo  para esos discursos vac\u00edos, para justificar un d\u00eda de fiesta.<\/p>\n<\/p>\n<p>Fue un idealista, en medio de la barbarie. Sent\u00f3 las bases de lo que es un pueblo que ha luchado por ser libre e independiente. Lo ofreci\u00f3 todo, hasta su vida, para poder forjar la Rep\u00fablica Dominicana. Hoy es un olvidado, una pieza de museo, una estatua rodeada de malezas.<\/p>\n<\/p>\n<p>Tenemos que rescatar la memoria de Juan Pablo Duarte, si queremos avanzar hacia el futuro con pie firme. El pueblo dominicano ha sido v\u00edctima a lo largo de la historia de las intervenciones extranjeras, de los gobiernos dictatoriales, de la opresi\u00f3n, de la corrupci\u00f3n, del crimen pol\u00edtico, pero siempre ha podido salir adelante.<\/p>\n<\/p>\n<p>Lo dec\u00eda el patricio, antes de ser esclavos de una potencia extranjera, es mejor que se hunda la isla. Fund\u00f3 a la Rep\u00fablica Dominicana sin esgrimir el sable, pero si blandiendo la idea. A pesar de su largo destierro, de su tiempo desconocido en Venezuela, sembr\u00f3 la semilla de la libertad que nunca ha perecido.<\/p>\n<\/p>\n<p>Cuando se cumplen 207 a\u00f1os del nacimiento de Juan Pablo Duarte hay que ir a sus ideas, hay que tenerlo como un h\u00e9roe ideal para las nuevas generaciones. Duarte no puede ser visto en pasado, porque su ideario es una punta de lanza para luchar contra  los desafueros y las injusticias.<\/p>\n<\/p>\n<p>No es ir de rodillas  al Altar de la Patria, es conocer sus ideas, es ver que  en  medio de la intervenci\u00f3n militar haitiana, difundi\u00f3 la idea de que la lucha ten\u00eda que ser por una rep\u00fablica  libre e independiente de cualquier potencia extranjera.<\/p>\n<\/p>\n<p>Para hacer frente a las injusticias, al camino cerrado al progreso, se necesita un h\u00e9roe que est\u00e9 presente. Duarte es el ideal. Muri\u00f3 en carne y hueso, pero por siempre est\u00e1n presentes sus palabras, sus acciones, su honradez, su voz que busca imponerse al poderoso de turno.<\/p>\n<\/p>\n<p>El mundo de hoy necesita concertaci\u00f3n, consenso, buscar soluciones a los problemas en base al di\u00e1logo y a la hermandad. La unidad nacional es necesaria para lograr avanzar en la tarea de un mayor desarrollo econ\u00f3mico y humano para el pa\u00eds. Meditemos y actuemos. \u00a1Ay!, se me acab\u00f3 la tinta.<\/p>\n<\/p>\n<h6> 2020-01-23 22:15:51 <\/h6>\n<p><!--\n<link rel=\"stylesheet\" href=\"css\/bootstrap.min.css\">\n\n\n<ul class=\"pagination\">\n\t    \n\t\n\n<li >\n\t<a href='?page_no=344'>Previous<\/a>\n\t<\/li>\n\n\n       \n    \n\n<li><a href='?page_no=1'>1<\/a><\/li>\n\n\n\n<li><a href='?page_no=2'>2<\/a><\/li>\n\n\n\n<li><a>...<\/a><\/li>\n\n\n\n<li><a href='?page_no=343'>343<\/a><\/li>\n\n\n\n<li><a href='?page_no=344'>344<\/a><\/li>\n\n\n\n<li class='active'><a>345<\/a><\/li>\n\n\n\n<li><a href='?page_no=346'>346<\/a><\/li>\n\n\n\n<li><a href='?page_no=347'>347<\/a><\/li>\n\n\n\n<li><a>...<\/a><\/li>\n\n\n\n<li><a href='?page_no=13611'>13611<\/a><\/li>\n\n\n\n<li><a href='?page_no=13612'>13612<\/a><\/li>\n\n    \n\t\n\n<li >\n\t<a href='?page_no=346'>Next<\/a>\n\t<\/li>\n\n\n    \n\n<li><a href='?page_no=13612'>Last &rsaquo;&rsaquo;<\/a><\/li>\n\n<\/ul>\n\n\n--><br \/>\n<\/body><\/p>\n","protected":false},"excerpt":{"rendered":"<p>Diariodominicano.com A Pleno Sol Juan Pablo: \u00a1Presente! Por Manuel Hern\u00e1ndez Villeta Hay que dar un manotazo, un pu\u00f1etazo, en la mesa, y exigir un alto en el camino que lleva al pa\u00eds a la deriva. Hay que rescatar las ideas patri\u00f3ticas de los dominicanos, y dar un salto hacia el futuro. El desarrollo social y [&hellip;]<\/p>\n","protected":false},"author":3,"featured_media":0,"comment_status":"open","ping_status":"open","sticky":false,"template":"","format":"standard","meta":{"footnotes":""},"categories":[16],"tags":[],"class_list":["post-40215","post","type-post","status-publish","format-standard","hentry","category-opiniones"],"_links":{"self":[{"href":"https:\/\/diariodominicano.com\/index.php?rest_route=\/wp\/v2\/posts\/40215","targetHints":{"allow":["GET"]}}],"collection":[{"href":"https:\/\/diariodominicano.com\/index.php?rest_route=\/wp\/v2\/posts"}],"about":[{"href":"https:\/\/diariodominicano.com\/index.php?rest_route=\/wp\/v2\/types\/post"}],"author":[{"embeddable":true,"href":"https:\/\/diariodominicano.com\/index.php?rest_route=\/wp\/v2\/users\/3"}],"replies":[{"embeddable":true,"href":"https:\/\/diariodominicano.com\/index.php?rest_route=%2Fwp%2Fv2%2Fcomments&post=40215"}],"version-history":[{"count":0,"href":"https:\/\/diariodominicano.com\/index.php?rest_route=\/wp\/v2\/posts\/40215\/revisions"}],"wp:attachment":[{"href":"https:\/\/diariodominicano.com\/index.php?rest_route=%2Fwp%2Fv2%2Fmedia&parent=40215"}],"wp:term":[{"taxonomy":"category","embeddable":true,"href":"https:\/\/diariodominicano.com\/index.php?rest_route=%2Fwp%2Fv2%2Fcategories&post=40215"},{"taxonomy":"post_tag","embeddable":true,"href":"https:\/\/diariodominicano.com\/index.php?rest_route=%2Fwp%2Fv2%2Ftags&post=40215"}],"curies":[{"name":"wp","href":"https:\/\/api.w.org\/{rel}","templated":true}]}}