{"id":402134,"date":"2022-12-06T23:39:02","date_gmt":"2022-12-07T03:39:02","guid":{"rendered":"http:\/\/diariodominicano.com\/?p=402134"},"modified":"2022-12-06T23:39:02","modified_gmt":"2022-12-07T03:39:02","slug":"convocada-reunion-en-memoria-del-camarada-jiang-zemin","status":"publish","type":"post","link":"https:\/\/diariodominicano.com\/?p=402134","title":{"rendered":"Convocada reuni\u00f3n en memoria del camarada Jiang Zemin"},"content":{"rendered":"\n<p><em>spanish.news.cn<\/em>|<em>&nbsp;2022-12-06 10:47:00<\/em>|<\/p>\n\n\n\n<p>(Xinhua\/Pang Xinglei)<\/p>\n\n\n\n<p>BEIJING, 6 dic (Xinhua) &#8212; Una reuni\u00f3n en memoria de Jiang Zemin, quien falleci\u00f3 el 30 de noviembre a los 96 a\u00f1os de edad, se celebr\u00f3 hoy martes por la ma\u00f1ana en el Gran Palacio del Pueblo en Beijing.<\/p>\n\n\n\n<p>Xi Jinping, secretario general del Comit\u00e9 Central del Partido Comunista de China, presidente chino y presidente de la Comisi\u00f3n Militar Central, pronunci\u00f3 un discurso en la reuni\u00f3n.<\/p>\n\n\n\n<p>Todos los participantes en el Gran Palacio del Pueblo rindieron un homenaje silencioso de tres minutos a Jiang al comienzo de la reuni\u00f3n conmemorativa.<\/p>\n\n\n\n<figure class=\"wp-block-image\"><img decoding=\"async\" src=\"http:\/\/spanish.xinhuanet.com\/20221206\/1e81e68566ce45c39dcdcca00a986165\/fdef21d592d64146acb45c073a3ff2d8.jpg\" alt=\"\"\/><\/figure>\n\n\n\n<p>(Xinhua\/Ju Peng)<\/p>\n\n\n\n<figure class=\"wp-block-image\"><img decoding=\"async\" src=\"http:\/\/spanish.xinhuanet.com\/20221206\/1e81e68566ce45c39dcdcca00a986165\/7f728202300642858055dce44d3bfd3d.jpg\" alt=\"\"\/><\/figure>\n\n\n\n<p>(Xinhua\/Ding Haitao)<\/p>\n\n\n\n<figure class=\"wp-block-image\"><img decoding=\"async\" src=\"http:\/\/spanish.xinhuanet.com\/20221206\/1e81e68566ce45c39dcdcca00a986165\/0cdf2de536704ee4873730eb82119efe.jpg\" alt=\"\"\/><\/figure>\n\n\n\n<p>(Xinhua\/Yin Bogu)<\/p>\n\n\n\n<figure class=\"wp-block-image\"><img decoding=\"async\" src=\"http:\/\/spanish.xinhuanet.com\/20221206\/1e81e68566ce45c39dcdcca00a986165\/331f1abae8a1406682ee61458d17e45f.jpg\" alt=\"\"\/><\/figure>\n\n\n\n<p>(Xinhua\/Ju Huanzong)<\/p>\n\n\n\n<figure class=\"wp-block-image\"><img decoding=\"async\" src=\"http:\/\/spanish.xinhuanet.com\/20221206\/1e81e68566ce45c39dcdcca00a986165\/dc7d298515a847b1aea2626a185047a7.jpg\" alt=\"\"\/><\/figure>\n\n\n\n<p>(Xinhua\/Zhai Jianlan)<\/p>\n\n\n\n<figure class=\"wp-block-image\"><img decoding=\"async\" src=\"http:\/\/spanish.xinhuanet.com\/20221206\/1e81e68566ce45c39dcdcca00a986165\/64114f3e87b448e99c0f6f4202c4a1de.jpg\" alt=\"\"\/><\/figure>\n\n\n\n<p>(Xinhua\/Yin Bogu)<\/p>\n\n\n\n<figure class=\"wp-block-image\"><img decoding=\"async\" src=\"http:\/\/spanish.xinhuanet.com\/20221206\/1e81e68566ce45c39dcdcca00a986165\/b2f164fecd424abda69307d5508c97ab.jpg\" alt=\"\"\/><\/figure>\n\n\n\n<p>(Xinhua\/Yin Bogu)<\/p>\n\n\n\n<figure class=\"wp-block-image\"><img decoding=\"async\" src=\"http:\/\/spanish.xinhuanet.com\/20221206\/1e81e68566ce45c39dcdcca00a986165\/0a18b3c1e1474750af80aaeeb2d838c0.jpg\" alt=\"\"\/><\/figure>\n","protected":false},"excerpt":{"rendered":"<p>spanish.news.cn|&nbsp;2022-12-06 10:47:00| (Xinhua\/Pang Xinglei) BEIJING, 6 dic (Xinhua) &#8212; Una reuni\u00f3n en memoria de Jiang Zemin, quien falleci\u00f3 el 30 de noviembre a los 96 a\u00f1os de edad, se celebr\u00f3 hoy martes por la ma\u00f1ana en el Gran Palacio del Pueblo en Beijing. Xi Jinping, secretario general del Comit\u00e9 Central del Partido Comunista de China, [&hellip;]<\/p>\n","protected":false},"author":28,"featured_media":402135,"comment_status":"closed","ping_status":"","sticky":false,"template":"","format":"standard","meta":{"footnotes":""},"categories":[26,23],"tags":[],"class_list":["post-402134","post","type-post","status-publish","format-standard","has-post-thumbnail","hentry","category-efemerides","category-internacional"],"_links":{"self":[{"href":"https:\/\/diariodominicano.com\/index.php?rest_route=\/wp\/v2\/posts\/402134","targetHints":{"allow":["GET"]}}],"collection":[{"href":"https:\/\/diariodominicano.com\/index.php?rest_route=\/wp\/v2\/posts"}],"about":[{"href":"https:\/\/diariodominicano.com\/index.php?rest_route=\/wp\/v2\/types\/post"}],"author":[{"embeddable":true,"href":"https:\/\/diariodominicano.com\/index.php?rest_route=\/wp\/v2\/users\/28"}],"replies":[{"embeddable":true,"href":"https:\/\/diariodominicano.com\/index.php?rest_route=%2Fwp%2Fv2%2Fcomments&post=402134"}],"version-history":[{"count":1,"href":"https:\/\/diariodominicano.com\/index.php?rest_route=\/wp\/v2\/posts\/402134\/revisions"}],"predecessor-version":[{"id":402136,"href":"https:\/\/diariodominicano.com\/index.php?rest_route=\/wp\/v2\/posts\/402134\/revisions\/402136"}],"wp:featuredmedia":[{"embeddable":true,"href":"https:\/\/diariodominicano.com\/index.php?rest_route=\/wp\/v2\/media\/402135"}],"wp:attachment":[{"href":"https:\/\/diariodominicano.com\/index.php?rest_route=%2Fwp%2Fv2%2Fmedia&parent=402134"}],"wp:term":[{"taxonomy":"category","embeddable":true,"href":"https:\/\/diariodominicano.com\/index.php?rest_route=%2Fwp%2Fv2%2Fcategories&post=402134"},{"taxonomy":"post_tag","embeddable":true,"href":"https:\/\/diariodominicano.com\/index.php?rest_route=%2Fwp%2Fv2%2Ftags&post=402134"}],"curies":[{"name":"wp","href":"https:\/\/api.w.org\/{rel}","templated":true}]}}