{"id":402077,"date":"2022-12-06T15:59:15","date_gmt":"2022-12-06T19:59:15","guid":{"rendered":"http:\/\/diariodominicano.com\/?p=402077"},"modified":"2022-12-06T15:59:23","modified_gmt":"2022-12-06T19:59:23","slug":"pn-recupera-seis-vehiculos-sustraidos-a-sus-propietarios-en-santiago","status":"publish","type":"post","link":"https:\/\/diariodominicano.com\/?p=402077","title":{"rendered":"PN recupera seis veh\u00edculos sustra\u00eddos a sus propietarios en Santiago"},"content":{"rendered":"\n<p><\/p>\n\n\n\n<p><strong>Santiago, 6 de Diciembre\u00a0\u00a02022-<\/strong>\u00a0Agentes de la Divisi\u00f3n de Veh\u00edculos Robados de esta Direcci\u00f3n Regional Cibao Central de la Polic\u00eda Nacional, recuperaron seis autom\u00f3viles entre ellos tres carros e igual cantidad de motocicletas, durante una ardua labor de inteligencia y seguimiento a denuncias presentadas por ciudadanos que han sido v\u00edctimas de estos hechos il\u00edcitos, inform\u00f3 el martes la Direcci\u00f3n Regional Cibao Centra, Polic\u00eda Nacional.<\/p>\n\n\n\n<p>Entre los veh\u00edculos recuperados figuran uno marca Nissan, modelo Marzo de color blanco, placa A465924, chasis no. K11649404; otro Hyundai, modelo&nbsp;&nbsp;Sonata&nbsp;&nbsp;N20, color gris, a\u00f1o 2008, placa&nbsp;&nbsp;A626662, chasis no. KMH EU41MP8A560199, los mismos al ser depurados presentan denuncias por sus propietarios por abuso de confianza.<\/p>\n\n\n\n<p>Tambi\u00e9n fue recuperado el veh\u00edculo marca Kia, modelo&nbsp;&nbsp;K5, color negro, placa&nbsp;&nbsp;A982477, chasis no. KNAGU416BJA244233, el mismo figura con denuncia como robado en la ciudad de La Vega de fecha 05-12-2022.<\/p>\n\n\n\n<p>Las motocicletas son la marca Galaxy, modelo CG-150, color negro, placa N648254, chasis RDGHCG2010000650; otra Z3000, modelo CG-150 color rojo, placa K0549229, chasis no. LZ3GJL3T13AK16517, y motocicleta marca Bajaj, color Platino, modelo Platina100, chasis no.MD2A76AX9NWJ48760, color gris con negro, dejadas abandonas.<\/p>\n\n\n\n<p>Dichos veh\u00edculos fueron recuperados en los sectores de Cienfuegos, Los Salados, Junta de los Dos Caminos, Centro Hist\u00f3rico de esta ciudad y el municipio de Tamboril.<\/p>\n\n\n\n<p><strong>OFICINA DE INFORMACI\u00d3N Y COMUNICACIONES ESTRAT\u00c9GICAS DIRECCI\u00d3N REGIONAL CIBAO CENTRAL DE LA POLIC\u00cdA NACIONAL.<\/strong><\/p>\n","protected":false},"excerpt":{"rendered":"<p>Santiago, 6 de Diciembre\u00a0\u00a02022-\u00a0Agentes de la Divisi\u00f3n de Veh\u00edculos Robados de esta Direcci\u00f3n Regional Cibao Central de la Polic\u00eda Nacional, recuperaron seis autom\u00f3viles entre ellos tres carros e igual cantidad de motocicletas, durante una ardua labor de inteligencia y seguimiento a denuncias presentadas por ciudadanos que han sido v\u00edctimas de estos hechos il\u00edcitos, inform\u00f3 el [&hellip;]<\/p>\n","protected":false},"author":28,"featured_media":390452,"comment_status":"closed","ping_status":"","sticky":true,"template":"","format":"standard","meta":{"footnotes":""},"categories":[29,27],"tags":[],"class_list":["post-402077","post","type-post","status-publish","format-standard","has-post-thumbnail","hentry","category-policiasucesos","category-portada"],"_links":{"self":[{"href":"https:\/\/diariodominicano.com\/index.php?rest_route=\/wp\/v2\/posts\/402077","targetHints":{"allow":["GET"]}}],"collection":[{"href":"https:\/\/diariodominicano.com\/index.php?rest_route=\/wp\/v2\/posts"}],"about":[{"href":"https:\/\/diariodominicano.com\/index.php?rest_route=\/wp\/v2\/types\/post"}],"author":[{"embeddable":true,"href":"https:\/\/diariodominicano.com\/index.php?rest_route=\/wp\/v2\/users\/28"}],"replies":[{"embeddable":true,"href":"https:\/\/diariodominicano.com\/index.php?rest_route=%2Fwp%2Fv2%2Fcomments&post=402077"}],"version-history":[{"count":2,"href":"https:\/\/diariodominicano.com\/index.php?rest_route=\/wp\/v2\/posts\/402077\/revisions"}],"predecessor-version":[{"id":402079,"href":"https:\/\/diariodominicano.com\/index.php?rest_route=\/wp\/v2\/posts\/402077\/revisions\/402079"}],"wp:featuredmedia":[{"embeddable":true,"href":"https:\/\/diariodominicano.com\/index.php?rest_route=\/wp\/v2\/media\/390452"}],"wp:attachment":[{"href":"https:\/\/diariodominicano.com\/index.php?rest_route=%2Fwp%2Fv2%2Fmedia&parent=402077"}],"wp:term":[{"taxonomy":"category","embeddable":true,"href":"https:\/\/diariodominicano.com\/index.php?rest_route=%2Fwp%2Fv2%2Fcategories&post=402077"},{"taxonomy":"post_tag","embeddable":true,"href":"https:\/\/diariodominicano.com\/index.php?rest_route=%2Fwp%2Fv2%2Ftags&post=402077"}],"curies":[{"name":"wp","href":"https:\/\/api.w.org\/{rel}","templated":true}]}}