{"id":402067,"date":"2022-12-06T15:50:37","date_gmt":"2022-12-06T19:50:37","guid":{"rendered":"http:\/\/diariodominicano.com\/?p=402067"},"modified":"2022-12-06T15:50:37","modified_gmt":"2022-12-06T19:50:37","slug":"condenan-a-20-anos-de-prision-a-un-hombre-que-cometio-robo-con-violencia-en-puerto-plata","status":"publish","type":"post","link":"https:\/\/diariodominicano.com\/?p=402067","title":{"rendered":"Condenan a 20 a\u00f1os de prisi\u00f3n a un hombre que cometi\u00f3 robo con violencia en Puerto Plata"},"content":{"rendered":"\n<p><\/p>\n\n\n\n<p>PUERTO PLATA (Rep\u00fablica Dominicana).- Tras acoger la petici\u00f3n de la Fiscal\u00eda, el Tribunal Colegiado de este distrito judicial conden\u00f3 a 20 a\u00f1os de prisi\u00f3n a un hombre que cometi\u00f3 robo con violencia en perjuicio de dos personas el 14 de febrero de este a\u00f1o.<\/p>\n\n\n\n<p>Andr\u00e9s G\u00f3mez S\u00e1nchez, alias Calanche, cumplir\u00e1 la pena en el Centro de Correcci\u00f3n y Rehabilitaci\u00f3n San Felipe, de Puerto Plata, por agredir a machetazos a Claus Klotz para robar las pertenencias de este y de su esposa, Sabine Klotz.<\/p>\n\n\n\n<p>El Ministerio P\u00fablico, representado por los fiscales Maribel Reynoso, Karen Lidia Santana y Marcos Wilkins D\u00edaz, demostr\u00f3 ante el tribunal, presidido por la jueza Jakayra Veras, la responsabilidad penal del procesado.&nbsp;<\/p>\n\n\n\n<p>Los fiscales probaron como el agresor viol\u00f3 art\u00edculos 379 y 382 del C\u00f3digo Penal Dominicano, as\u00ed como tambi\u00e9n los art\u00edculos 83 y 86 de la Ley 631-16, que tipifican y sancionan el robo con violencia y el porte y uso de arma blanca de manera ilegal.<\/p>\n\n\n\n<p>Los hechos ocurrieron cuando los se\u00f1ores Klotz se encontraban caminando en la playa Bergantin de esta ciudad y fueron interceptados por G\u00f3mez S\u00e1nchez, quien intent\u00f3 despojarlos de una mochila que Claus portaba en su espalda.<\/p>\n\n\n\n<p>Ante la resistencia de la v\u00edctima, el agresor tom\u00f3 un machete con el cual le ocasion\u00f3 heridas en diferentes partes del cuerpo, con lesiones que fueron evaluadas y certificadas mediante informe m\u00e9dico del Instituto Nacional de Ciencias Forenses (Inacif).<\/p>\n\n\n\n<p>Tras lograr arrebatarle la mochila a la v\u00edctima, el hoy condenado emprendi\u00f3 la huida por los montes que rodean la zona.<\/p>\n\n\n\n<p>Entre los art\u00edculos robados, se encontraban dos tel\u00e9fonos celulares Iphone con sus aud\u00edfonos inal\u00e1mbricos, una cadena de oro de 12 kilates y otros objetos.<\/p>\n\n\n\n<p><strong>Direcci\u00f3n de Comunicaci\u00f3n y Prensa<\/strong><\/p>\n\n\n\n<p><strong>Procuradur\u00eda General-Ministerio P\u00fablico RD<\/strong><\/p>\n\n\n\n<p><strong>Martes, 6 de diciembre del 2022<\/strong><\/p>\n","protected":false},"excerpt":{"rendered":"<p>PUERTO PLATA (Rep\u00fablica Dominicana).- Tras acoger la petici\u00f3n de la Fiscal\u00eda, el Tribunal Colegiado de este distrito judicial conden\u00f3 a 20 a\u00f1os de prisi\u00f3n a un hombre que cometi\u00f3 robo con violencia en perjuicio de dos personas el 14 de febrero de este a\u00f1o. Andr\u00e9s G\u00f3mez S\u00e1nchez, alias Calanche, cumplir\u00e1 la pena en el Centro [&hellip;]<\/p>\n","protected":false},"author":28,"featured_media":371040,"comment_status":"closed","ping_status":"","sticky":true,"template":"","format":"standard","meta":{"footnotes":""},"categories":[24,29,27],"tags":[],"class_list":["post-402067","post","type-post","status-publish","format-standard","has-post-thumbnail","hentry","category-justicia-y-derecho","category-policiasucesos","category-portada"],"_links":{"self":[{"href":"https:\/\/diariodominicano.com\/index.php?rest_route=\/wp\/v2\/posts\/402067","targetHints":{"allow":["GET"]}}],"collection":[{"href":"https:\/\/diariodominicano.com\/index.php?rest_route=\/wp\/v2\/posts"}],"about":[{"href":"https:\/\/diariodominicano.com\/index.php?rest_route=\/wp\/v2\/types\/post"}],"author":[{"embeddable":true,"href":"https:\/\/diariodominicano.com\/index.php?rest_route=\/wp\/v2\/users\/28"}],"replies":[{"embeddable":true,"href":"https:\/\/diariodominicano.com\/index.php?rest_route=%2Fwp%2Fv2%2Fcomments&post=402067"}],"version-history":[{"count":1,"href":"https:\/\/diariodominicano.com\/index.php?rest_route=\/wp\/v2\/posts\/402067\/revisions"}],"predecessor-version":[{"id":402068,"href":"https:\/\/diariodominicano.com\/index.php?rest_route=\/wp\/v2\/posts\/402067\/revisions\/402068"}],"wp:featuredmedia":[{"embeddable":true,"href":"https:\/\/diariodominicano.com\/index.php?rest_route=\/wp\/v2\/media\/371040"}],"wp:attachment":[{"href":"https:\/\/diariodominicano.com\/index.php?rest_route=%2Fwp%2Fv2%2Fmedia&parent=402067"}],"wp:term":[{"taxonomy":"category","embeddable":true,"href":"https:\/\/diariodominicano.com\/index.php?rest_route=%2Fwp%2Fv2%2Fcategories&post=402067"},{"taxonomy":"post_tag","embeddable":true,"href":"https:\/\/diariodominicano.com\/index.php?rest_route=%2Fwp%2Fv2%2Ftags&post=402067"}],"curies":[{"name":"wp","href":"https:\/\/api.w.org\/{rel}","templated":true}]}}