{"id":402065,"date":"2022-12-06T15:48:32","date_gmt":"2022-12-06T19:48:32","guid":{"rendered":"http:\/\/diariodominicano.com\/?p=402065"},"modified":"2022-12-06T15:48:32","modified_gmt":"2022-12-06T19:48:32","slug":"ministerio-publico-de-san-pedro-de-macoris-obtiene-condena-a-10-anos-de-prision-por-violencia-intrafamiliar-agravada","status":"publish","type":"post","link":"https:\/\/diariodominicano.com\/?p=402065","title":{"rendered":"Ministerio P\u00fablico de San Pedro de Macor\u00eds obtiene condena a 10 a\u00f1os de prisi\u00f3n por violencia intrafamiliar agravada"},"content":{"rendered":"\n<p><\/p>\n\n\n\n<p>SAN PEDRO DE MACOR\u00cdS, REP\u00daBLICA DOMINICANA.- El Tribunal Colegiado de la C\u00e1mara Penal del Juzgado de Primera Instancia de este distrito judicial conden\u00f3 a 10 a\u00f1os de prisi\u00f3n a un hombre que cometi\u00f3 violencia intrafamiliar agravada en contra de su pareja.<\/p>\n\n\n\n<p>Los jueces Kenia del Pilar Tav\u00e1rez Henr\u00edquez, Haydeliza Ram\u00edrez Henr\u00edquez y Magdelquis Yolanda Franco Pe\u00f1a impusieron la pena en contra de Florencio Manuel Zapata, quien deber\u00e1 cumplirla en el Centro de Correcci\u00f3n y Rehabilitaci\u00f3n (CCR-XI), provincia San Pedro de Macor\u00eds.<\/p>\n\n\n\n<p>El fiscal Pedro Adael Garc\u00eda de Pe\u00f1a aport\u00f3 pruebas testimoniales, documentales y periciales que demostraron la culpabilidad del procesado en el crimen de violencia intrafamiliar agravada, por causar grave da\u00f1o corporal a la v\u00edctima, previsto y sancionado en las disposiciones de los art\u00edculos 309-2 y 309-3, letra b, del C\u00f3digo Penal Dominicano.<\/p>\n\n\n\n<p>El agresor cometi\u00f3 los hechos el 2 de julio de 2018, en la vivienda donde resid\u00eda junto a la v\u00edctima, en la calle Central del municipio Guayacanes, en esta provincia, en actitud posesiva cuando la mujer le manifest\u00f3 que no deseaba continuar con \u00e9l.<\/p>\n\n\n\n<p>El expediente relata que el hombre se torn\u00f3 agresivo y, con un pu\u00f1al que portaba, le produjo heridas punzopenetrantes en el t\u00f3rax y en el muslo izquierdo, por lo que tuvo que ser ingresada en estado de gravedad en el Hospital Regional Dr. Antonio Musa, donde permaneci\u00f3 recluida durante cuatro d\u00edas.<\/p>\n\n\n\n<p><strong>Direcci\u00f3n de Comunicaci\u00f3n y Prensa<\/strong><\/p>\n\n\n\n<p><strong>Procuradur\u00eda General-Ministerio P\u00fablico RD<\/strong><\/p>\n\n\n\n<p><strong>Martes, 6 de diciembre del 2022<\/strong><\/p>\n","protected":false},"excerpt":{"rendered":"<p>SAN PEDRO DE MACOR\u00cdS, REP\u00daBLICA DOMINICANA.- El Tribunal Colegiado de la C\u00e1mara Penal del Juzgado de Primera Instancia de este distrito judicial conden\u00f3 a 10 a\u00f1os de prisi\u00f3n a un hombre que cometi\u00f3 violencia intrafamiliar agravada en contra de su pareja. Los jueces Kenia del Pilar Tav\u00e1rez Henr\u00edquez, Haydeliza Ram\u00edrez Henr\u00edquez y Magdelquis Yolanda Franco [&hellip;]<\/p>\n","protected":false},"author":28,"featured_media":309551,"comment_status":"closed","ping_status":"","sticky":true,"template":"","format":"standard","meta":{"footnotes":""},"categories":[24,29,27],"tags":[],"class_list":["post-402065","post","type-post","status-publish","format-standard","has-post-thumbnail","hentry","category-justicia-y-derecho","category-policiasucesos","category-portada"],"_links":{"self":[{"href":"https:\/\/diariodominicano.com\/index.php?rest_route=\/wp\/v2\/posts\/402065","targetHints":{"allow":["GET"]}}],"collection":[{"href":"https:\/\/diariodominicano.com\/index.php?rest_route=\/wp\/v2\/posts"}],"about":[{"href":"https:\/\/diariodominicano.com\/index.php?rest_route=\/wp\/v2\/types\/post"}],"author":[{"embeddable":true,"href":"https:\/\/diariodominicano.com\/index.php?rest_route=\/wp\/v2\/users\/28"}],"replies":[{"embeddable":true,"href":"https:\/\/diariodominicano.com\/index.php?rest_route=%2Fwp%2Fv2%2Fcomments&post=402065"}],"version-history":[{"count":1,"href":"https:\/\/diariodominicano.com\/index.php?rest_route=\/wp\/v2\/posts\/402065\/revisions"}],"predecessor-version":[{"id":402066,"href":"https:\/\/diariodominicano.com\/index.php?rest_route=\/wp\/v2\/posts\/402065\/revisions\/402066"}],"wp:featuredmedia":[{"embeddable":true,"href":"https:\/\/diariodominicano.com\/index.php?rest_route=\/wp\/v2\/media\/309551"}],"wp:attachment":[{"href":"https:\/\/diariodominicano.com\/index.php?rest_route=%2Fwp%2Fv2%2Fmedia&parent=402065"}],"wp:term":[{"taxonomy":"category","embeddable":true,"href":"https:\/\/diariodominicano.com\/index.php?rest_route=%2Fwp%2Fv2%2Fcategories&post=402065"},{"taxonomy":"post_tag","embeddable":true,"href":"https:\/\/diariodominicano.com\/index.php?rest_route=%2Fwp%2Fv2%2Ftags&post=402065"}],"curies":[{"name":"wp","href":"https:\/\/api.w.org\/{rel}","templated":true}]}}