{"id":402017,"date":"2022-12-06T12:34:35","date_gmt":"2022-12-06T16:34:35","guid":{"rendered":"http:\/\/diariodominicano.com\/?p=402017"},"modified":"2022-12-06T12:34:35","modified_gmt":"2022-12-06T16:34:35","slug":"apresan-conductor-de-camion-con-212-paquetes-presumiblemente-cocaina-en-peravia","status":"publish","type":"post","link":"https:\/\/diariodominicano.com\/?p=402017","title":{"rendered":"Apresan conductor de cami\u00f3n con 212 paquetes, presumiblemente coca\u00edna en Peravia"},"content":{"rendered":"\n<p>diariodominicano.com<\/p>\n\n\n\n<p><strong>Santo Domingo, R. D.,  6 de diciembre, 2022.-<\/strong>\u00a0La Direcci\u00f3n Nacional de Control de Drogas y miembros del Ministerio P\u00fablico, con apoyo de agencias de inteligencia del Estado, incautaron 212 paquetes presumiblemente coca\u00edna, en un operativo de seguimiento e interdicci\u00f3n desarrollado en la provincia Peravia.\u00a0<\/p>\n\n\n\n<p>Los oficiales de la DNCD, movilizaron varios equipos de reacci\u00f3n a la carretera S\u00e1nchez, del municipio de Ban\u00ed e interceptaron al conductor de un cami\u00f3n, quien seg\u00fan informes de inteligencia, viajaba con una cantidad importante de sustancias controladas.&nbsp;<\/p>\n\n\n\n<p>Efectivamente, en presencia de un fiscal adjunto, se procedi\u00f3 a realizar una inspecci\u00f3n m\u00e1s rigurosa, encontrando en la parte trasera del cami\u00f3n, un compartimiento secreto, tipo caleta, donde se ocuparon siete sacos, conteniendo los paquetes de la sustancia. &nbsp;<\/p>\n\n\n\n<p>El ch\u00f3fer, un dominicano de 33 a\u00f1os, ser\u00e1 sometido a la justicia en las pr\u00f3ximas horas por violacion a la ley 50-88, sobre drogas y sustancias controladas.&nbsp;<\/p>\n\n\n\n<p>Las autoridades activan la localizaci\u00f3n de otros integrantes de esta red de narcotr\u00e1fico internacional, mientras el cami\u00f3n tipo cabezote, placa L-256830, un celular y otras evidencias, est\u00e1n en poder del Ministerio P\u00fablico de la provincia Peravia.&nbsp;<\/p>\n\n\n\n<p>\u201cDebemos destacar que por disposici\u00f3n del superior Gobierno, y a prop\u00f3sito de la \u00e9poca navide\u00f1a, se ha dispuesto de un reforzamiento de todas las unidades operativas y de inteligencia de la DNCD, en aeropuertos, puertos, costas, fronteras y todo el territorio nacional\u201d &nbsp;<\/p>\n\n\n\n<p>El organismo antinarc\u00f3ticos ratifica adem\u00e1s el amplio esp\u00edritu de cooperaci\u00f3n del Ministerio de Defensa, la Procuradur\u00eda, agencias de inteligencia y organismos oficiales, apoyo que se traduce en el \u00e9xito de las operaciones en contra del narcotr\u00e1fico nacional e internacional.&nbsp;<\/p>\n\n\n\n<p>Los 212 paquetes fueron enviados bajo cadena de custodia al Instituto Nacional de Ciencias Forenses (INACIF) que determinar\u00e1 el tipo y peso exacto de la sustancia.&nbsp;<\/p>\n\n\n\n<p>Fuente:  <strong>Direcci\u00f3n de Comunicaciones, DNCD.-\u00a0<\/strong><\/p>\n\n\n\n<p><strong>Martes 06 de diciembre, 2022.-<\/strong><\/p>\n\n\n\n<p><strong><em>Direcci\u00f3n de Comunicaciones, DNCD<\/em><\/strong><\/p>\n","protected":false},"excerpt":{"rendered":"<p>diariodominicano.com Santo Domingo, R. D., 6 de diciembre, 2022.-\u00a0La Direcci\u00f3n Nacional de Control de Drogas y miembros del Ministerio P\u00fablico, con apoyo de agencias de inteligencia del Estado, incautaron 212 paquetes presumiblemente coca\u00edna, en un operativo de seguimiento e interdicci\u00f3n desarrollado en la provincia Peravia.\u00a0 Los oficiales de la DNCD, movilizaron varios equipos de reacci\u00f3n [&hellip;]<\/p>\n","protected":false},"author":5,"featured_media":402018,"comment_status":"closed","ping_status":"","sticky":true,"template":"","format":"standard","meta":{"footnotes":""},"categories":[29,27],"tags":[],"class_list":["post-402017","post","type-post","status-publish","format-standard","has-post-thumbnail","hentry","category-policiasucesos","category-portada"],"_links":{"self":[{"href":"https:\/\/diariodominicano.com\/index.php?rest_route=\/wp\/v2\/posts\/402017","targetHints":{"allow":["GET"]}}],"collection":[{"href":"https:\/\/diariodominicano.com\/index.php?rest_route=\/wp\/v2\/posts"}],"about":[{"href":"https:\/\/diariodominicano.com\/index.php?rest_route=\/wp\/v2\/types\/post"}],"author":[{"embeddable":true,"href":"https:\/\/diariodominicano.com\/index.php?rest_route=\/wp\/v2\/users\/5"}],"replies":[{"embeddable":true,"href":"https:\/\/diariodominicano.com\/index.php?rest_route=%2Fwp%2Fv2%2Fcomments&post=402017"}],"version-history":[{"count":1,"href":"https:\/\/diariodominicano.com\/index.php?rest_route=\/wp\/v2\/posts\/402017\/revisions"}],"predecessor-version":[{"id":402019,"href":"https:\/\/diariodominicano.com\/index.php?rest_route=\/wp\/v2\/posts\/402017\/revisions\/402019"}],"wp:featuredmedia":[{"embeddable":true,"href":"https:\/\/diariodominicano.com\/index.php?rest_route=\/wp\/v2\/media\/402018"}],"wp:attachment":[{"href":"https:\/\/diariodominicano.com\/index.php?rest_route=%2Fwp%2Fv2%2Fmedia&parent=402017"}],"wp:term":[{"taxonomy":"category","embeddable":true,"href":"https:\/\/diariodominicano.com\/index.php?rest_route=%2Fwp%2Fv2%2Fcategories&post=402017"},{"taxonomy":"post_tag","embeddable":true,"href":"https:\/\/diariodominicano.com\/index.php?rest_route=%2Fwp%2Fv2%2Ftags&post=402017"}],"curies":[{"name":"wp","href":"https:\/\/api.w.org\/{rel}","templated":true}]}}