{"id":40193,"date":"2020-01-24T09:50:20","date_gmt":"2020-01-24T09:50:20","guid":{"rendered":"http:\/\/diariodominicano.ddns.net\/?p=40193"},"modified":"2020-01-24T09:50:20","modified_gmt":"2020-01-24T09:50:20","slug":"nuvi","status":"publish","type":"post","link":"https:\/\/diariodominicano.com\/?p=40193","title":{"rendered":"NUVI"},"content":{"rendered":"<p><body><\/p>\n<p><strong><span class=\"text1noticias\">Diariodominicano.com<\/span><\/strong><\/p>\n<p><strong><span class=\"text1noticias\">EN PRIMERA FILA<\/span><\/strong><\/p>\n<p><strong><span class=\"text1noticias\">NUVI<\/span><\/strong><\/p>\n<p><strong><span class=\"text1noticias\">Mario Rivadulla<\/span><\/strong><\/p>\n<\/p>\n<p><span class=\"text1noticias\">Encabezadas por la Asociaci\u00f3n de Industrias y agrupadas bajo el nombre de NUVI diversas instituciones sectoriales y m\u00e1s de una veintena de reconocidas empresas que operan en el pa\u00eds acaban de integrar la mayor alianza privada para la gesti\u00f3n de residuos s\u00f3lidos.<\/span><\/p>\n<\/p>\n<p><span class=\"text1noticias\">En lenguaje m\u00e1s llano y de general comprensi\u00f3n, el objetivo que sirve de motor a esta iniciativa es contribuir al saneamiento ambiental en forma proactiva a la vez que productiva, a trav\u00e9s de un manejo sanitario adecuado de lo que com\u00fanmente llamamos basura, convirti\u00e9ndola a la vez en una importante fuente generadora de riqueza.<\/span><\/p>\n<\/p>\n<p><span class=\"text1noticias\">Tal como expres\u00f3 el presidente de los industriales Celso Juan Marranzini se estima que en el pa\u00eds se genera alrededor de 16 mil toneladas diarias de residuos, de los cuales se aprovecha, por v\u00eda de reciclaje, apenas un 5 por ciento. Parte del otro 95 va a dar a los contaminantes vertederos a cielo abierto, mientras el resto se esparce en calles y aceras; tapona los desag\u00fces cuando ocurren aguaceros intensos; contamina playas, r\u00edos, arroyos y ca\u00f1adas. Es un da\u00f1o sanitario y ambiental que provocamos y una riqueza que estamos desperdiciando.<\/span><\/p>\n<\/p>\n<p><span class=\"text1noticias\">Tal como puntualiz\u00f3 el dirigente empresarial, en lo adelante no se hablar\u00e1 m\u00e1s de basura, sino de residuos, de ahorro de recursos naturales, de fomentar la innovaci\u00f3n tecnol\u00f3gica, elevar los niveles de<\/span><\/p>\n<p><span class=\"text1noticias\">competitividad, brindar protecci\u00f3n al medio ambiente, convirtiendo esos desechos en materia prima secundaria, transform\u00e1ndola para darle nuevo valor y utilizaci\u00f3n, generando riqueza y creando miles de nuevos empleos.<\/span><\/p>\n<\/p>\n<p><span class=\"text1noticias\">En primera fase, la actividad de NUVI estar\u00e1 focalizada en la recogida de botellitas pl\u00e1sticos. La vicepresidenta ejecutiva de la Asociaci\u00f3n, Circe Alm\u00e1nzar inform\u00f3 que la meta propuesta es recuperar dos millones de libras mensuales. A ese fin se situar\u00e1n puntos espec\u00edficos para que los usuarios puedan depositar las mismas vac\u00edas, aplastadas y tapadas. <\/span><\/p>\n<\/p>\n<p><span class=\"text1noticias\">Es conveniente recordar que los pl\u00e1sticos est\u00e1n considerados como el elemento que genera mayores niveles de contaminaci\u00f3n en los oc\u00e9anos afectando de manera significativa la flora y fauna marina.<\/span><\/p>\n<\/p>\n<p><span class=\"text1noticias\">Se trata de un proyecto de alto vuelo y largo alcance que constituye una seria toma de conciencia por parte de las instituciones y empresas que lo est\u00e1n asumiendo de la importancia que reviste\u00a0la necesidad de preservar la calidad del medio ambiente, y cuya responsabilidad debe ser compartida por el gobierno al tiempo que apoyado solidariamente por la poblaci\u00f3n.<\/span><\/p>\n<\/p>\n<p><span class=\"text1noticias\">El cambio clim\u00e1tico es una realidad. De la contaminaci\u00f3n ambiental se derivan serios da\u00f1os a la salud y grandes perjuicios econ\u00f3micos. Cuanto hagamos por reducirla se traducir\u00e1 en beneficio de todos. Y Nuvi es un buen paso orientado en esa direcci\u00f3n.<\/span><\/p>\n<\/p>\n<\/p>\n<\/p>\n<h6> 2020-01-24 09:50:20 <\/h6>\n<p><!--\n<link rel=\"stylesheet\" href=\"css\/bootstrap.min.css\">\n\n\n<ul class=\"pagination\">\n\t    \n\t\n\n<li >\n\t<a href='?page_no=342'>Previous<\/a>\n\t<\/li>\n\n\n       \n    \n\n<li><a href='?page_no=1'>1<\/a><\/li>\n\n\n\n<li><a href='?page_no=2'>2<\/a><\/li>\n\n\n\n<li><a>...<\/a><\/li>\n\n\n\n<li><a href='?page_no=341'>341<\/a><\/li>\n\n\n\n<li><a href='?page_no=342'>342<\/a><\/li>\n\n\n\n<li class='active'><a>343<\/a><\/li>\n\n\n\n<li><a href='?page_no=344'>344<\/a><\/li>\n\n\n\n<li><a href='?page_no=345'>345<\/a><\/li>\n\n\n\n<li><a>...<\/a><\/li>\n\n\n\n<li><a href='?page_no=13611'>13611<\/a><\/li>\n\n\n\n<li><a href='?page_no=13612'>13612<\/a><\/li>\n\n    \n\t\n\n<li >\n\t<a href='?page_no=344'>Next<\/a>\n\t<\/li>\n\n\n    \n\n<li><a href='?page_no=13612'>Last &rsaquo;&rsaquo;<\/a><\/li>\n\n<\/ul>\n\n\n--><br \/>\n<\/body><\/p>\n","protected":false},"excerpt":{"rendered":"<p>Diariodominicano.com EN PRIMERA FILA NUVI Mario Rivadulla Encabezadas por la Asociaci\u00f3n de Industrias y agrupadas bajo el nombre de NUVI diversas instituciones sectoriales y m\u00e1s de una veintena de reconocidas empresas que operan en el pa\u00eds acaban de integrar la mayor alianza privada para la gesti\u00f3n de residuos s\u00f3lidos. En lenguaje m\u00e1s llano y de [&hellip;]<\/p>\n","protected":false},"author":3,"featured_media":0,"comment_status":"open","ping_status":"open","sticky":false,"template":"","format":"standard","meta":{"footnotes":""},"categories":[16],"tags":[],"class_list":["post-40193","post","type-post","status-publish","format-standard","hentry","category-opiniones"],"_links":{"self":[{"href":"https:\/\/diariodominicano.com\/index.php?rest_route=\/wp\/v2\/posts\/40193","targetHints":{"allow":["GET"]}}],"collection":[{"href":"https:\/\/diariodominicano.com\/index.php?rest_route=\/wp\/v2\/posts"}],"about":[{"href":"https:\/\/diariodominicano.com\/index.php?rest_route=\/wp\/v2\/types\/post"}],"author":[{"embeddable":true,"href":"https:\/\/diariodominicano.com\/index.php?rest_route=\/wp\/v2\/users\/3"}],"replies":[{"embeddable":true,"href":"https:\/\/diariodominicano.com\/index.php?rest_route=%2Fwp%2Fv2%2Fcomments&post=40193"}],"version-history":[{"count":0,"href":"https:\/\/diariodominicano.com\/index.php?rest_route=\/wp\/v2\/posts\/40193\/revisions"}],"wp:attachment":[{"href":"https:\/\/diariodominicano.com\/index.php?rest_route=%2Fwp%2Fv2%2Fmedia&parent=40193"}],"wp:term":[{"taxonomy":"category","embeddable":true,"href":"https:\/\/diariodominicano.com\/index.php?rest_route=%2Fwp%2Fv2%2Fcategories&post=40193"},{"taxonomy":"post_tag","embeddable":true,"href":"https:\/\/diariodominicano.com\/index.php?rest_route=%2Fwp%2Fv2%2Ftags&post=40193"}],"curies":[{"name":"wp","href":"https:\/\/api.w.org\/{rel}","templated":true}]}}