{"id":401926,"date":"2022-12-05T23:17:53","date_gmt":"2022-12-06T03:17:53","guid":{"rendered":"http:\/\/diariodominicano.com\/?p=401926"},"modified":"2022-12-05T23:19:07","modified_gmt":"2022-12-06T03:19:07","slug":"pn-reporta-saca-de-circulacion-siete-armas-de-fuego-ilegales-y-apresa-a-seis-personas-por-los-casos-en-santiago","status":"publish","type":"post","link":"https:\/\/diariodominicano.com\/?p=401926","title":{"rendered":"PN reporta saca de circulaci\u00f3n siete armas de fuego ilegales y apresa a seis personas por los casos en Santiago"},"content":{"rendered":"\n<p><\/p>\n\n\n\n<p><strong>Santiago, 5 de Diciembre&nbsp;&nbsp;2022-&nbsp;<\/strong>&nbsp;Durante operativos focalizados en diferentes sectores de esta ciudad, agentes policiales de la Unidad de Investigaci\u00f3n, Polic\u00eda Preventiva, Acci\u00f3n R\u00e1pida y los Swat de esta jurisdicci\u00f3n, sacaron de circulaci\u00f3n siete armas de fuego ilegales y apresa seis personas en el fin de semana con el prop\u00f3sito de disminuir los hechos delictivos en esta provincia, inform\u00f3 el lunes  la Direcci\u00f3n Regional Cibao Central, Polic\u00eda Nacional.<\/p>\n\n\n\n<p>En el Municipio de Licey al Medio fue detenido Mois\u00e9s Nicol\u00e1s Morillo Rojas, mientras transitaba de manera sospechosa por la calle Juan Goico, a bordo del carro marca Toyota, Modelo Camry&nbsp;&nbsp;LE de color azul, quien al ser requisado se le ocup\u00f3 en dicho veh\u00edculo el rev\u00f3lver marca Smith &amp; Wesson, calibre 38, serie no. C657285, sin documento, un celular y la suma de $5,400 pesos.<\/p>\n\n\n\n<p>Adem\u00e1s fueron apresados en dicho municipio Angel Manuel Sol\u00eds&nbsp;&nbsp;apodado El Negro y Gregory Alexander Paulino Medina, cuando transitaban en actitud sospechosa a bordo de la motocicleta marca Tauro, modelo CG-200, de color blanco, sin placa, chasis no. TARPCM500MC002172 por la calle Duarte, quienes al ser registrados, al primero se le ocup\u00f3 la suma de $11,800.00 pesos y al segundo la pistola marca Smith &amp; Wesson, calibre 9 mil\u00edmetros, serie no. DVJ3996, con su cargador y ocho c\u00e1psulas.<\/p>\n\n\n\n<p>En el sector Las Charcas de esta ciudad de Santiago fue apresado por miembros policiales en conjunto con el CIUTRAN, el se\u00f1or Eddy Burdiel&nbsp;&nbsp;Fern\u00e1ndez en momento en que \u00e9ste conduc\u00eda la camioneta marca Toyota, color rojo&nbsp;&nbsp;de su propiedad, ocup\u00e1ndole&nbsp;&nbsp;la pistola marca Taurus, calibre 9 mil\u00edmetros, color niquelado, serie no. TLD48826D, con su cargador y 15 c\u00e1psulas, la misma era portaba sin documentos.<\/p>\n\n\n\n<p>En tanto que Pedro Leonardo Mart\u00ednez&nbsp;&nbsp;fue arrestado&nbsp;&nbsp;por el hecho de este ser sorprendido mientras se desplazaba por la calle 3 del sector&nbsp;&nbsp;Buenos Aires de esta ciudad, a bordo del veh\u00edculo marca Jeep, color azul, ocup\u00e1ndole la pistola marca Beretta, calibre 9 mil\u00edmetros, serie no. PZ7192E, con un cargador y cuatro municiones.<\/p>\n\n\n\n<p>Tambi\u00e9n result\u00f3 detenido Irvin Madera Ferreira tras ocup\u00e1rsele la pistola marca Colt, calibre 380, serie no. RC32364, con su cargador y una c\u00e1psula, mientras se desplazaba por la calle Prolongaci\u00f3n del sector Los Salados, a bordo del veh\u00edculo marca Ford, modelo F150, color blanco, mientras que en la Otra Banda, se ocup\u00f3 dentro de un hoyo de un block, el rev\u00f3lver marca ilegible, calibre 38, serie No. K597610, con tres c\u00e1psulas.<\/p>\n\n\n\n<p>En otro orden la Polic\u00eda inform\u00f3 que d\u00e1ndole seguimiento a la denuncia presentada por el se\u00f1or Miguel Antonio Lima Zapata, miembro de la Polic\u00eda Nacional, a quien les fue sustra\u00edda la pistola marca CZ, calibre 9 mil\u00edmetros serie no. F281242, propiedad del cuerpo del orden, cuando transitaba a bordo del veh\u00edculo marca Hyundai, modelo Y20, color mamey por el sector Las Colinas, siendo robada por dos personas, identificando una f\u00e9mina v\u00eda c\u00e1mara de seguridad.<\/p>\n\n\n\n<p>De acuerdo a las investigaciones, la f\u00e9mina identificada como Carolina, la misma al enterarse de su b\u00fasqueda por la Polic\u00eda, le comunic\u00f3 v\u00eda otra persona a la v\u00edctima, que le dejar\u00eda el arma en la orilla del R\u00edo Yaque del Norte, en unos matorrales pr\u00f3ximo a la entrada del Sector de Rafey, procediendo a trasladarse con los agentes actuante al lugar, encontrando el arma con su cargador y 13 municiones.<\/p>\n\n\n\n<p>&nbsp;En cuanto a la pr\u00f3fuga se le solicitar\u00e1 orden de arresto por este hecho.<\/p>\n\n\n\n<p>Los detenidos y lo ocupado ser\u00e1n enviados al Ministerio P\u00fablico para los fines procedentes de ley.<\/p>\n\n\n\n<p>policia nacional<a target=\"_blank\" href=\"mailto:npolicia14@gmail.com\" rel=\"noreferrer noopener\">npolicia14@gmail.com<\/a><\/p>\n\n\n\n<p><strong>OFICINA DE INFORMACI\u00d3N Y COMUNICACIONES ESTRAT\u00c9GICAS DIRECCI\u00d3N REGIONAL CIBAO CENTRAL DE LA POLIC\u00cdA NACIONAL.<\/strong><\/p>\n","protected":false},"excerpt":{"rendered":"<p>Santiago, 5 de Diciembre&nbsp;&nbsp;2022-&nbsp;&nbsp;Durante operativos focalizados en diferentes sectores de esta ciudad, agentes policiales de la Unidad de Investigaci\u00f3n, Polic\u00eda Preventiva, Acci\u00f3n R\u00e1pida y los Swat de esta jurisdicci\u00f3n, sacaron de circulaci\u00f3n siete armas de fuego ilegales y apresa seis personas en el fin de semana con el prop\u00f3sito de disminuir los hechos delictivos en [&hellip;]<\/p>\n","protected":false},"author":28,"featured_media":390452,"comment_status":"closed","ping_status":"","sticky":true,"template":"","format":"standard","meta":{"footnotes":""},"categories":[29,27],"tags":[],"class_list":["post-401926","post","type-post","status-publish","format-standard","has-post-thumbnail","hentry","category-policiasucesos","category-portada"],"_links":{"self":[{"href":"https:\/\/diariodominicano.com\/index.php?rest_route=\/wp\/v2\/posts\/401926","targetHints":{"allow":["GET"]}}],"collection":[{"href":"https:\/\/diariodominicano.com\/index.php?rest_route=\/wp\/v2\/posts"}],"about":[{"href":"https:\/\/diariodominicano.com\/index.php?rest_route=\/wp\/v2\/types\/post"}],"author":[{"embeddable":true,"href":"https:\/\/diariodominicano.com\/index.php?rest_route=\/wp\/v2\/users\/28"}],"replies":[{"embeddable":true,"href":"https:\/\/diariodominicano.com\/index.php?rest_route=%2Fwp%2Fv2%2Fcomments&post=401926"}],"version-history":[{"count":2,"href":"https:\/\/diariodominicano.com\/index.php?rest_route=\/wp\/v2\/posts\/401926\/revisions"}],"predecessor-version":[{"id":401928,"href":"https:\/\/diariodominicano.com\/index.php?rest_route=\/wp\/v2\/posts\/401926\/revisions\/401928"}],"wp:featuredmedia":[{"embeddable":true,"href":"https:\/\/diariodominicano.com\/index.php?rest_route=\/wp\/v2\/media\/390452"}],"wp:attachment":[{"href":"https:\/\/diariodominicano.com\/index.php?rest_route=%2Fwp%2Fv2%2Fmedia&parent=401926"}],"wp:term":[{"taxonomy":"category","embeddable":true,"href":"https:\/\/diariodominicano.com\/index.php?rest_route=%2Fwp%2Fv2%2Fcategories&post=401926"},{"taxonomy":"post_tag","embeddable":true,"href":"https:\/\/diariodominicano.com\/index.php?rest_route=%2Fwp%2Fv2%2Ftags&post=401926"}],"curies":[{"name":"wp","href":"https:\/\/api.w.org\/{rel}","templated":true}]}}