{"id":401922,"date":"2022-12-05T23:12:07","date_gmt":"2022-12-06T03:12:07","guid":{"rendered":"http:\/\/diariodominicano.com\/?p=401922"},"modified":"2022-12-05T23:20:13","modified_gmt":"2022-12-06T03:20:13","slug":"pn-y-mp-se-incautan-armas-de-fuego-ilegales-chaleco-antibalas-y-drogas-en-allanamiento-realizado-en-santiago","status":"publish","type":"post","link":"https:\/\/diariodominicano.com\/?p=401922","title":{"rendered":"PN y MP se incautan armas de fuego ilegales, chaleco antibalas y drogas en allanamiento realizado en Santiago"},"content":{"rendered":"\n<p><\/p>\n\n\n\n<p>Santiago, 5 de Diciembre &nbsp;2022- Agentes policiales de investigaciones en conjunto con el Ministerio P\u00fablico ejecutaron un allanamiento, mediante orden judicial no. 10233-2022, en una residencia, ocupando armas de fuego ilegales, estupefacientes, entre otros objetos, resultando adem\u00e1s dos personas detenidas el pasado s\u00e1bado en Santiago, inform\u00f3 el lunes la Direcci\u00f3n Regional Cibao Central, Polic\u00eda Nacional.<\/p>\n\n\n\n<p>Los detenidos son Starlin Javier Bonilla y Jesica Mar\u00eda Nu\u00f1ez Hern\u00e1ndez, ambos residentes &nbsp;en un residencial ubicado en la carretera Los Miranda del sector Las Palomas de esta provincia.<\/p>\n\n\n\n<p>Durante la operaci\u00f3n fueron ocupadas las pistolas marcas Taurus 24\/7 calibre 9 mil\u00edmetros, &nbsp;serie no. TAP74577, otra marca TP9 SF Canik, calibre 9, serie no. T6472-20, AT32400 y un rev\u00f3lver marca ilegible, calibre 38, serie no. 594763 sin documentos, cuatro cargadores, uno de ellos con capacidad de 30 c\u00e1psulas.<\/p>\n\n\n\n<p>Adem\u00e1s se ocup\u00f3 un chaleco antibalas, una porci\u00f3n de un vegetal presumiblemente marihuana con un peso aproximado de 15 gramos, as\u00ed como &nbsp;tambi\u00e9n el carro marca Hyundai, modelo LF de color blanco, placa no. PP408335.<\/p>\n\n\n\n<p>En cuanto a los detenidos, al ser depurados en nuestros &nbsp;archivos policiales, figura Starlyn Javier Bonilla con un registro por robo de fecha 16\/12\/2017, adem\u00e1s con &nbsp;una condena pendiente de ejecutar de 12 a\u00f1os, por violar los art\u00edculos 379, 382, 385, 386 incisos 1, 2 y 3 del c\u00f3digo penal dominicano (robo).<\/p>\n\n\n\n<p>En cuanto a las armas de fuego, al ser consultadas en el Sistema Policial, una figura a nombre de un agente de la instituci\u00f3n del orden y las dem\u00e1s no arrojan datos, las mismas junto a los detenidos se encuentran en poder del Ministerio P\u00fablico para los fines procedentes.<\/p>\n\n\n\n<p>policia nacional<a target=\"_blank\" href=\"mailto:npolicia14@gmail.com\" rel=\"noreferrer noopener\">npolicia14@gmail.com<\/a><\/p>\n\n\n\n<p><strong>OFICINA DE INFORMACI\u00d3N Y COMUNICACIONES ESTRAT\u00c9GICAS DIRECCI\u00d3N REGIONAL CIBAO CENTRAL DE LA POLIC\u00cdA NACIONAL.<\/strong><\/p>\n","protected":false},"excerpt":{"rendered":"<p>Santiago, 5 de Diciembre &nbsp;2022- Agentes policiales de investigaciones en conjunto con el Ministerio P\u00fablico ejecutaron un allanamiento, mediante orden judicial no. 10233-2022, en una residencia, ocupando armas de fuego ilegales, estupefacientes, entre otros objetos, resultando adem\u00e1s dos personas detenidas el pasado s\u00e1bado en Santiago, inform\u00f3 el lunes la Direcci\u00f3n Regional Cibao Central, Polic\u00eda Nacional. [&hellip;]<\/p>\n","protected":false},"author":28,"featured_media":401924,"comment_status":"closed","ping_status":"","sticky":true,"template":"","format":"standard","meta":{"footnotes":""},"categories":[24,29,27],"tags":[],"class_list":["post-401922","post","type-post","status-publish","format-standard","has-post-thumbnail","hentry","category-justicia-y-derecho","category-policiasucesos","category-portada"],"_links":{"self":[{"href":"https:\/\/diariodominicano.com\/index.php?rest_route=\/wp\/v2\/posts\/401922","targetHints":{"allow":["GET"]}}],"collection":[{"href":"https:\/\/diariodominicano.com\/index.php?rest_route=\/wp\/v2\/posts"}],"about":[{"href":"https:\/\/diariodominicano.com\/index.php?rest_route=\/wp\/v2\/types\/post"}],"author":[{"embeddable":true,"href":"https:\/\/diariodominicano.com\/index.php?rest_route=\/wp\/v2\/users\/28"}],"replies":[{"embeddable":true,"href":"https:\/\/diariodominicano.com\/index.php?rest_route=%2Fwp%2Fv2%2Fcomments&post=401922"}],"version-history":[{"count":2,"href":"https:\/\/diariodominicano.com\/index.php?rest_route=\/wp\/v2\/posts\/401922\/revisions"}],"predecessor-version":[{"id":401929,"href":"https:\/\/diariodominicano.com\/index.php?rest_route=\/wp\/v2\/posts\/401922\/revisions\/401929"}],"wp:featuredmedia":[{"embeddable":true,"href":"https:\/\/diariodominicano.com\/index.php?rest_route=\/wp\/v2\/media\/401924"}],"wp:attachment":[{"href":"https:\/\/diariodominicano.com\/index.php?rest_route=%2Fwp%2Fv2%2Fmedia&parent=401922"}],"wp:term":[{"taxonomy":"category","embeddable":true,"href":"https:\/\/diariodominicano.com\/index.php?rest_route=%2Fwp%2Fv2%2Fcategories&post=401922"},{"taxonomy":"post_tag","embeddable":true,"href":"https:\/\/diariodominicano.com\/index.php?rest_route=%2Fwp%2Fv2%2Ftags&post=401922"}],"curies":[{"name":"wp","href":"https:\/\/api.w.org\/{rel}","templated":true}]}}