{"id":401739,"date":"2022-12-05T00:12:31","date_gmt":"2022-12-05T04:12:31","guid":{"rendered":"http:\/\/diariodominicano.com\/?p=401739"},"modified":"2022-12-05T00:12:31","modified_gmt":"2022-12-05T04:12:31","slug":"canciller-de-cuba-honra-a-martir-del-servicio-exterior","status":"publish","type":"post","link":"https:\/\/diariodominicano.com\/?p=401739","title":{"rendered":"Canciller de Cuba honra a m\u00e1rtir del servicio exterior"},"content":{"rendered":"\n<p>Kingstown, 4 dic (Prensa Latina) El ministro de Relaciones Exteriores de Cuba, Bruno Rodr\u00edguez, rindi\u00f3 tributo hoy aqu\u00ed al embajador Mario Garc\u00eda Inch\u00e1ustegui, quien perdi\u00f3 la vida en un accidente durante el secuestro de la aeronave en que viajaba.&nbsp;&nbsp;&nbsp;&nbsp;<\/p>\n\n\n\n<ul class=\"wp-block-list\"><li>diciembre 4, 2022<\/li><li>CST10:50 (GMT) -0500<\/li><\/ul>\n\n\n\n<p>El canciller, que se encuentra de visita oficial en San Vicente y las Granadinas, evoc\u00f3 en Twitter la memoria del diplom\u00e1tico y record\u00f3 las palabras del H\u00e9roe Nacional, Jos\u00e9 Mart\u00ed, quien expres\u00f3 que \u201c\u2026honrar a los que cumplieron con su deber es el modo m\u00e1s eficaz (\u2026) de estimular a los dem\u00e1s a que lo cumplan\u00bb.<\/p>\n\n\n\n<p>Mario Garc\u00eda y su esposa, Gladys Delgado fallecieron en un accidente a\u00e9reo el 4 de diciembre de 1977 mientras viajaban a Malasia, donde el diplom\u00e1tico era embajador concurrente.<\/p>\n\n\n\n<p>De acuerdo con cifras oficiales, m\u00e1s de mil 500 cubanos han sido v\u00edctimas directas del terrorismo de Estado en diversas partes del mundo, en actos en su mayor\u00eda patrocinados por Estados Unidos.<\/p>\n\n\n\n<p>oda\/mks<\/p>\n","protected":false},"excerpt":{"rendered":"<p>Kingstown, 4 dic (Prensa Latina) El ministro de Relaciones Exteriores de Cuba, Bruno Rodr\u00edguez, rindi\u00f3 tributo hoy aqu\u00ed al embajador Mario Garc\u00eda Inch\u00e1ustegui, quien perdi\u00f3 la vida en un accidente durante el secuestro de la aeronave en que viajaba.&nbsp;&nbsp;&nbsp;&nbsp; diciembre 4, 2022 CST10:50 (GMT) -0500 El canciller, que se encuentra de visita oficial en San [&hellip;]<\/p>\n","protected":false},"author":28,"featured_media":401740,"comment_status":"closed","ping_status":"","sticky":false,"template":"","format":"standard","meta":{"footnotes":""},"categories":[26,23],"tags":[],"class_list":["post-401739","post","type-post","status-publish","format-standard","has-post-thumbnail","hentry","category-efemerides","category-internacional"],"_links":{"self":[{"href":"https:\/\/diariodominicano.com\/index.php?rest_route=\/wp\/v2\/posts\/401739","targetHints":{"allow":["GET"]}}],"collection":[{"href":"https:\/\/diariodominicano.com\/index.php?rest_route=\/wp\/v2\/posts"}],"about":[{"href":"https:\/\/diariodominicano.com\/index.php?rest_route=\/wp\/v2\/types\/post"}],"author":[{"embeddable":true,"href":"https:\/\/diariodominicano.com\/index.php?rest_route=\/wp\/v2\/users\/28"}],"replies":[{"embeddable":true,"href":"https:\/\/diariodominicano.com\/index.php?rest_route=%2Fwp%2Fv2%2Fcomments&post=401739"}],"version-history":[{"count":1,"href":"https:\/\/diariodominicano.com\/index.php?rest_route=\/wp\/v2\/posts\/401739\/revisions"}],"predecessor-version":[{"id":401741,"href":"https:\/\/diariodominicano.com\/index.php?rest_route=\/wp\/v2\/posts\/401739\/revisions\/401741"}],"wp:featuredmedia":[{"embeddable":true,"href":"https:\/\/diariodominicano.com\/index.php?rest_route=\/wp\/v2\/media\/401740"}],"wp:attachment":[{"href":"https:\/\/diariodominicano.com\/index.php?rest_route=%2Fwp%2Fv2%2Fmedia&parent=401739"}],"wp:term":[{"taxonomy":"category","embeddable":true,"href":"https:\/\/diariodominicano.com\/index.php?rest_route=%2Fwp%2Fv2%2Fcategories&post=401739"},{"taxonomy":"post_tag","embeddable":true,"href":"https:\/\/diariodominicano.com\/index.php?rest_route=%2Fwp%2Fv2%2Ftags&post=401739"}],"curies":[{"name":"wp","href":"https:\/\/api.w.org\/{rel}","templated":true}]}}