{"id":401736,"date":"2022-12-05T00:11:00","date_gmt":"2022-12-05T04:11:00","guid":{"rendered":"http:\/\/diariodominicano.com\/?p=401736"},"modified":"2022-12-05T00:11:00","modified_gmt":"2022-12-05T04:11:00","slug":"celebran-en-argentina-jornada-solidaria-en-honor-a-hebe-de-bonafini","status":"publish","type":"post","link":"https:\/\/diariodominicano.com\/?p=401736","title":{"rendered":"Celebran en Argentina jornada solidaria en honor a Hebe de Bonafini"},"content":{"rendered":"\n<p>Buenos Aires, 4 dic (Prensa Latina) La Asociaci\u00f3n argentina Madres de Plaza de Mayo celebra hoy una jornada solidaria en homenaje a su presidenta, Hebe de Bonafini (1928-2022), quien cumplir\u00eda esta jornada 94 a\u00f1os de edad.&nbsp;&nbsp;&nbsp;&nbsp;<\/p>\n\n\n\n<ul class=\"wp-block-list\"><li>diciembre 4, 2022<\/li><li>CST09:00 (GMT) -0500<\/li><\/ul>\n\n\n\n<p>En un comunicado, dicha organizaci\u00f3n inst\u00f3 a militantes peronistas y ciudadanos en general a acercarse a su sede en esta capital y realizar donaciones para ni\u00f1os en condiciones de pobreza.<\/p>\n\n\n\n<p>Como nos pidi\u00f3 y nos ense\u00f1\u00f3 Hebe, los esperemos para seguir ayudando al otro, se\u00f1ala el texto.<\/p>\n\n\n\n<p>Tras una vida dedicada a la lucha por la justicia y la defensa de los derechos humanos, De Bonafini falleci\u00f3 el 20 de noviembre luego de permanecer hospitalizada por enfermedades cr\u00f3nicas.<\/p>\n\n\n\n<p>Cuatro d\u00edas despu\u00e9s, miles de argentinos acompa\u00f1aron a las Madres en su marcha dos mil 328, durante la cual le rindieron tributo y colocaron sus cenizas en la Pir\u00e1mide de Mayo, en la plaza que les dio el nombre y a la que acudieron durante m\u00e1s de 40 a\u00f1os para denunciar los cr\u00edmenes de la \u00faltima dictadura militar (1976-1983).<\/p>\n\n\n\n<p>Tras el secuestro de dos de sus hijos en 1977, De Bonafini no ces\u00f3 en la b\u00fasqueda de la verdad y, junto a otras mujeres, inici\u00f3 un largo camino en el cual ser\u00edan perseguidas, vigiladas, arrestadas y, algunas de ellas, asesinadas.<\/p>\n\n\n\n<p>De esa manera, llegaron a conformar una de las m\u00e1s importantes fuerzas de resistencia en Argentina y sus pa\u00f1uelos blancos se convirtieron en s\u00edmbolo de lucha.<\/p>\n\n\n\n<p>La noticia del deceso gener\u00f3 gran conmoci\u00f3n en Argentina y el mundo y personalidades como el Papa Francisco, el Premio Nobel de la Paz Adolfo P\u00e9rez Esquivel, los presidentes de Cuba (Miguel D\u00edaz-Canel), Venezuela (Nicol\u00e1s Maduro) y Bolivia (Luis Arce), expresaron su pesar.<\/p>\n\n\n\n<p>Tambi\u00e9n lo hicieron los exmandatarios Evo Morales (Bolivia), Rafael Correa (Ecuador) y Dilma Rousseff (Brasil) y el reci\u00e9n electo jefe de Estado de ese \u00faltimo pa\u00eds, Luiz In\u00e1cio Lula da Silva.<\/p>\n\n\n\n<p>El presidente argentino, Alberto Fern\u00e1ndez, decret\u00f3 tres d\u00edas de duelo nacional y numerosos ministros y dirigentes sociales lamentaron su muerte.<\/p>\n\n\n\n<p>oda\/gas<\/p>\n","protected":false},"excerpt":{"rendered":"<p>Buenos Aires, 4 dic (Prensa Latina) La Asociaci\u00f3n argentina Madres de Plaza de Mayo celebra hoy una jornada solidaria en homenaje a su presidenta, Hebe de Bonafini (1928-2022), quien cumplir\u00eda esta jornada 94 a\u00f1os de edad.&nbsp;&nbsp;&nbsp;&nbsp; diciembre 4, 2022 CST09:00 (GMT) -0500 En un comunicado, dicha organizaci\u00f3n inst\u00f3 a militantes peronistas y ciudadanos en general [&hellip;]<\/p>\n","protected":false},"author":28,"featured_media":401737,"comment_status":"closed","ping_status":"","sticky":false,"template":"","format":"standard","meta":{"footnotes":""},"categories":[26,23],"tags":[],"class_list":["post-401736","post","type-post","status-publish","format-standard","has-post-thumbnail","hentry","category-efemerides","category-internacional"],"_links":{"self":[{"href":"https:\/\/diariodominicano.com\/index.php?rest_route=\/wp\/v2\/posts\/401736","targetHints":{"allow":["GET"]}}],"collection":[{"href":"https:\/\/diariodominicano.com\/index.php?rest_route=\/wp\/v2\/posts"}],"about":[{"href":"https:\/\/diariodominicano.com\/index.php?rest_route=\/wp\/v2\/types\/post"}],"author":[{"embeddable":true,"href":"https:\/\/diariodominicano.com\/index.php?rest_route=\/wp\/v2\/users\/28"}],"replies":[{"embeddable":true,"href":"https:\/\/diariodominicano.com\/index.php?rest_route=%2Fwp%2Fv2%2Fcomments&post=401736"}],"version-history":[{"count":1,"href":"https:\/\/diariodominicano.com\/index.php?rest_route=\/wp\/v2\/posts\/401736\/revisions"}],"predecessor-version":[{"id":401738,"href":"https:\/\/diariodominicano.com\/index.php?rest_route=\/wp\/v2\/posts\/401736\/revisions\/401738"}],"wp:featuredmedia":[{"embeddable":true,"href":"https:\/\/diariodominicano.com\/index.php?rest_route=\/wp\/v2\/media\/401737"}],"wp:attachment":[{"href":"https:\/\/diariodominicano.com\/index.php?rest_route=%2Fwp%2Fv2%2Fmedia&parent=401736"}],"wp:term":[{"taxonomy":"category","embeddable":true,"href":"https:\/\/diariodominicano.com\/index.php?rest_route=%2Fwp%2Fv2%2Fcategories&post=401736"},{"taxonomy":"post_tag","embeddable":true,"href":"https:\/\/diariodominicano.com\/index.php?rest_route=%2Fwp%2Fv2%2Ftags&post=401736"}],"curies":[{"name":"wp","href":"https:\/\/api.w.org\/{rel}","templated":true}]}}