{"id":40171,"date":"2020-01-27T00:29:50","date_gmt":"2020-01-27T00:29:50","guid":{"rendered":"http:\/\/diariodominicano.ddns.net\/?p=40171"},"modified":"2020-01-27T00:29:50","modified_gmt":"2020-01-27T00:29:50","slug":"asi-lei-ifes-habran-eleccionessin-quererlas-palacio","status":"publish","type":"post","link":"https:\/\/diariodominicano.com\/?p=40171","title":{"rendered":"\u00a1AS\u00cd LE\u00cd IFES: HABR\u00c1N ELECCIONES&#13;SIN QUERERLAS PALACIO!"},"content":{"rendered":"<p><body><\/p>\n<p><strong><span class=\"text1noticias\">Diariodominicano.com<\/span><\/strong><\/p>\n<p><strong><span class=\"text1noticias\">\u00a1AS\u00cd LE\u00cd IFES: HABR\u00c1N ELECCIONES<\/span><\/strong><\/p>\n<p><strong><span class=\"text1noticias\">SIN QUERERLAS PALACIO!<\/span><\/strong><\/p>\n<p><strong><span class=\"text1noticias\">FRANKLIN ALMEYDA RANCIER<\/span><\/strong><\/p>\n<\/p>\n<p><span class=\"text1noticias\">Ha sido oportuno el aporte de la Fundaci\u00f3n Internacional para Sistemas Electorales (IFES), quien con fondos de USAID ha contratado una empresa de prestigio en su \u00e1rea para auditar el sistema electr\u00f3nico electoral, a ser utilizado por la JCE para los comicios.<\/span><\/p>\n<p><span class=\"text1noticias\">En un comunicado suyo, dado a conocer el pasado viernes, anuncia lo que viene haciendo. Vale destacarlo, porque en las redes sociales han habido algunos \u00abconfundidos\u00bb.<\/span><\/p>\n<\/p>\n<p><span class=\"text1noticias\">Con una nota de evidente respeto, IFES empieza diciendo que \u00abha pedido\u00bb de la JCE y con el apoyo de la Agencia de los Estados Unidos para el Desarrollo (USAID) ha estado realizando una evaluaci\u00f3n preelectoral del sistema de votaci\u00f3n electr\u00f3nica que se utilizar\u00e1 en las pr\u00f3ximas elecciones municipales de la Rep\u00fablica Dominicana..<\/span><\/p>\n<\/p>\n<p><span class=\"text1noticias\">Afirma que el equipo t\u00e9cnico \u00abanaliz\u00f3 la funcionalidad, auditabilidad, seguridad y mecanismos de transmisi\u00f3n del sistema de votaci\u00f3n automatizado, as\u00ed como la cadena de custodia y c\u00f3digo fuente; tambi\u00e9n incluy\u00f3 una revisi\u00f3n de la aplicaci\u00f3n m\u00f3vil que se utilizar\u00e1 para transmitir los<\/span><\/p>\n<p><span class=\"text1noticias\">resultados del sistema de votaci\u00f3n manual\u00bb.<\/span><\/p>\n<\/p>\n<p><span class=\"text1noticias\">A seguidas indica que: \u00abA lo largo de la semana, el equipo de IFES tambi\u00e9n se reuni\u00f3 con partidos<\/span><\/p>\n<p><span class=\"text1noticias\">pol\u00edticos, organizaciones de la sociedad civil y la Junta Central Electoral (JCE) para obtener una<\/span><\/p>\n<p><span class=\"text1noticias\">comprensi\u00f3n m\u00e1s completa de los desaf\u00edos y las preocupaciones que se abordar\u00e1n en la evaluaci\u00f3n preelectoral\u00bb.<\/span><\/p>\n<\/p>\n<p><span class=\"text1noticias\">Con sentido de prudencia no descarta los equipos, asegurando las elecciones, al decir que: \u00abEl<\/span><\/p>\n<p><span class=\"text1noticias\">equipo de evaluaci\u00f3n generalmente ha quedado impresionado con el sistema; IFES no identific\u00f3<\/span><\/p>\n<p><span class=\"text1noticias\">ninguna deficiencia que pudiera causar preocupaci\u00f3n por el uso de este sistema en las pr\u00f3ximas<\/span><\/p>\n<p><span class=\"text1noticias\">elecciones\u00bb.<\/span><\/p>\n<\/p>\n<p><span class=\"text1noticias\">Pero advierte, y con ello tranquiliza, que: \u00abIFES s\u00ed identific\u00f3 algunas recomendaciones a corto<\/span><\/p>\n<p><span class=\"text1noticias\">plazo que ya se han compartido verbalmente con la Junta Central Electoral (JCE) y se presentar\u00e1n formalmente en un resumen de resultados antes del final de la pr\u00f3xima semana\u00bb.<\/span><\/p>\n<\/p>\n<p><span class=\"text1noticias\">Y como \u00abidentific\u00f3\u00bb (encontr\u00f3, digo yo) por eso dice : \u00abActualmente IFES est\u00e1 realizando una consolidaci\u00f3n de datos para poder publicar el informe completo en la primera semana de febrero.<\/span><\/p>\n<\/p>\n<p><span class=\"text1noticias\">El informe se estructurar\u00e1 con recomendaciones para mejorar el sistema a corto, mediano y largo plazo. Tanto el resumen de resultados como el informe completo se har\u00e1n p\u00fablicos para garantizar la m\u00e1xima transparencia en el proceso\u00bb.<\/span><\/p>\n<\/p>\n<p><span class=\"text1noticias\">Dicho en mi lenguaje, no en el lenguaje de IFES, encontr\u00f3 y recomendar\u00e1 corregir para que<\/span><\/p>\n<p><span class=\"text1noticias\">puedan celebrarse las elecciones.<\/span><\/p>\n<\/p>\n<p><span class=\"text1noticias\">Anuncia quedarse porque va a \u00abcontinuar brindando asesoramiento t\u00e9cnico a la Junta Central Electoral (JCE) antes de las elecciones municipales del 16 de febrero y antes de las elecciones generales del 17 de mayo del corriente a\u00f1o\u00bb.<\/span><\/p>\n<\/p>\n<p><span class=\"text1noticias\">El comunicado est\u00e1 en su p\u00e1gina web e invita a buscar \u00abinformaci\u00f3n sobre el trabajo de IFES en la<\/span><\/p>\n<p><span class=\"text1noticias\">Rep\u00fablica Dominicana y alrededor del mundo, visite www.IFES.org.\u00bb<\/span><\/p>\n<\/p>\n<p><span class=\"text1noticias\">Esta declaraci\u00f3n la he le\u00eddo \u00abentre l\u00edneas\u00bb, o \u00abcomo los guardias\u00bb, con el peri\u00f3dico al rev\u00e9s; dicha<\/span><\/p>\n<p><span class=\"text1noticias\">lectura v\u00e9ala as\u00ed:<\/span><\/p>\n<\/p>\n<p><span class=\"text1noticias\">Vamos a arreglar este sistema para ahora y para despu\u00e9s, su funcionabilidad, seguridad, retransmisi\u00f3n de voto automatizado, cadena de custodia, c\u00f3digo fuente y la aplicaci\u00f3n m\u00f3vil que se utilizar\u00e1 para transmitir los resultados del sistema de votaci\u00f3n manual. Y permaneceremos en el pa\u00eds para la ejecuci\u00f3n de las recomendaciones, porque aunque el Palacio no quiera, aseguramos habr\u00e1n elecciones transparentes, cre\u00edbles y confiables.<\/span><\/p>\n<\/p>\n<p><strong><span class=\"text1noticias\">El autor fue miembro del CP del PLD, ex Ministro de Interior y ex Rector de la UASD.<\/span><\/strong><\/p>\n<p><strong> <\/strong><\/p>\n<p><strong> <\/strong><\/p>\n<p><strong> <\/strong><\/p>\n<\/p>\n<\/p>\n<\/p>\n<\/p>\n<h6> 2020-01-27 00:29:50 <\/h6>\n<p><!--\n<link rel=\"stylesheet\" href=\"css\/bootstrap.min.css\">\n\n\n<ul class=\"pagination\">\n\t    \n\t\n\n<li >\n\t<a href='?page_no=340'>Previous<\/a>\n\t<\/li>\n\n\n       \n    \n\n<li><a href='?page_no=1'>1<\/a><\/li>\n\n\n\n<li><a href='?page_no=2'>2<\/a><\/li>\n\n\n\n<li><a>...<\/a><\/li>\n\n\n\n<li><a href='?page_no=339'>339<\/a><\/li>\n\n\n\n<li><a href='?page_no=340'>340<\/a><\/li>\n\n\n\n<li class='active'><a>341<\/a><\/li>\n\n\n\n<li><a href='?page_no=342'>342<\/a><\/li>\n\n\n\n<li><a href='?page_no=343'>343<\/a><\/li>\n\n\n\n<li><a>...<\/a><\/li>\n\n\n\n<li><a href='?page_no=13611'>13611<\/a><\/li>\n\n\n\n<li><a href='?page_no=13612'>13612<\/a><\/li>\n\n    \n\t\n\n<li >\n\t<a href='?page_no=342'>Next<\/a>\n\t<\/li>\n\n\n    \n\n<li><a href='?page_no=13612'>Last &rsaquo;&rsaquo;<\/a><\/li>\n\n<\/ul>\n\n\n--><br \/>\n<\/body><\/p>\n","protected":false},"excerpt":{"rendered":"<p>Diariodominicano.com \u00a1AS\u00cd LE\u00cd IFES: HABR\u00c1N ELECCIONES SIN QUERERLAS PALACIO! FRANKLIN ALMEYDA RANCIER Ha sido oportuno el aporte de la Fundaci\u00f3n Internacional para Sistemas Electorales (IFES), quien con fondos de USAID ha contratado una empresa de prestigio en su \u00e1rea para auditar el sistema electr\u00f3nico electoral, a ser utilizado por la JCE para los comicios. En [&hellip;]<\/p>\n","protected":false},"author":3,"featured_media":0,"comment_status":"open","ping_status":"open","sticky":false,"template":"","format":"standard","meta":{"footnotes":""},"categories":[16],"tags":[],"class_list":["post-40171","post","type-post","status-publish","format-standard","hentry","category-opiniones"],"_links":{"self":[{"href":"https:\/\/diariodominicano.com\/index.php?rest_route=\/wp\/v2\/posts\/40171","targetHints":{"allow":["GET"]}}],"collection":[{"href":"https:\/\/diariodominicano.com\/index.php?rest_route=\/wp\/v2\/posts"}],"about":[{"href":"https:\/\/diariodominicano.com\/index.php?rest_route=\/wp\/v2\/types\/post"}],"author":[{"embeddable":true,"href":"https:\/\/diariodominicano.com\/index.php?rest_route=\/wp\/v2\/users\/3"}],"replies":[{"embeddable":true,"href":"https:\/\/diariodominicano.com\/index.php?rest_route=%2Fwp%2Fv2%2Fcomments&post=40171"}],"version-history":[{"count":0,"href":"https:\/\/diariodominicano.com\/index.php?rest_route=\/wp\/v2\/posts\/40171\/revisions"}],"wp:attachment":[{"href":"https:\/\/diariodominicano.com\/index.php?rest_route=%2Fwp%2Fv2%2Fmedia&parent=40171"}],"wp:term":[{"taxonomy":"category","embeddable":true,"href":"https:\/\/diariodominicano.com\/index.php?rest_route=%2Fwp%2Fv2%2Fcategories&post=40171"},{"taxonomy":"post_tag","embeddable":true,"href":"https:\/\/diariodominicano.com\/index.php?rest_route=%2Fwp%2Fv2%2Ftags&post=40171"}],"curies":[{"name":"wp","href":"https:\/\/api.w.org\/{rel}","templated":true}]}}