{"id":401634,"date":"2022-12-04T21:19:04","date_gmt":"2022-12-05T01:19:04","guid":{"rendered":"http:\/\/diariodominicano.com\/?p=401634"},"modified":"2022-12-05T00:32:15","modified_gmt":"2022-12-05T04:32:15","slug":"fallece-el-ex-senador-amable-aristy-castro","status":"publish","type":"post","link":"https:\/\/diariodominicano.com\/?p=401634","title":{"rendered":"Fallece el ex senador Amable Aristy Castro"},"content":{"rendered":"\n<p>Higuey, provincia La Altagracia, falleci\u00f3  la tarde noche  del domingo el dirigente pol\u00edtico y ex senador de La Provincia La Altagracia, Amable Aristy Castro. <\/p>\n\n\n\n<p>Aristy Castro era  en la actualidad el presidente del Partido Liberal Reformista, organizaci\u00f3n que fund\u00f3 tras abandonar el PRSC.<\/p>\n\n\n\n<figure class=\"wp-block-image size-full\"><img loading=\"lazy\" decoding=\"async\" width=\"444\" height=\"690\" src=\"https:\/\/diariodominicano.com\/wp-content\/uploads\/2022\/12\/7A_El-Pais_16_3Ap01.webp\" alt=\"\" class=\"wp-image-401744\" srcset=\"https:\/\/diariodominicano.com\/wp-content\/uploads\/2022\/12\/7A_El-Pais_16_3Ap01.webp 444w, https:\/\/diariodominicano.com\/wp-content\/uploads\/2022\/12\/7A_El-Pais_16_3Ap01-193x300.webp 193w\" sizes=\"auto, (max-width: 444px) 100vw, 444px\" \/><figcaption>Amable Aristy Castro<\/figcaption><\/figure>\n\n\n\n<p>Fue diputado, senador por la  Provincia La Altagracia durante  varios per\u00edodos  y secretario general  de la Liga Municipal Dominicana.<\/p>\n\n\n\n<p><\/p>\n\n\n\n<p>Amable Aristy  tambi\u00e9n fue presidente del\u00a0<strong>Partido Reformista Social Cristiano\u00a0<\/strong>y diputado por 30 a\u00f1os. Seg\u00fan versiones de amigos y familiares, falleci\u00f3 a causa de un infarto.<\/p>\n\n\n\n<p>Fue protagonista de una larga carrera empresarial en su pueblo  natal, HIGUEY, provincia La Altagracia.<\/p>\n\n\n\n<p>Aristy Castro fue electo por primera vez como senador de<strong>\u00a0La Altagracia<\/strong>\u00a0en el a\u00f1o 1990 cuando militaba en el Partido Reformista Social Cristiano (PRSC). Se mantuvo ocho a\u00f1os en la C\u00e1mara Baja, y desde\u00a01990 hasta el 1998, subi\u00f3 a la C\u00e1mara Alta, donde ocup\u00f3 la presidencia del Senado en 1994.<\/p>\n\n\n\n<figure class=\"wp-block-image\"><img decoding=\"async\" src=\"https:\/\/www.diariolibre.com\/binrepository\/547x415\/0c0\/546d350\/none\/10904\/STPQ\/amable-arisy-castro_14292713_20200706225040.jpg\" alt=\"La ca\u00edda de Amable Aristy Castro, el cacique altagraciano que ...\"\/><\/figure>\n\n\n\n<p>En el a\u00f1o 2015 pas\u00f3 a ser miembro y presiente del Partido Liberal Reformista (PLR), mantuvo una alianza por muchos a\u00f1os con el Partido de la Liberaci\u00f3n Dominicano (PLD) y la cual rompi\u00f3 solo unos meses antes de la elecciones de este 5 de julio para pactar con el Partido Revolucionario Moderno (PRM), luego de ver como su hija,&nbsp;<strong>Karina Aristy<\/strong>, fue derrotada por el perremeista&nbsp;<strong>Rafael Bar\u00f3n Duluc<\/strong>, tras permanecer 18 a\u00f1os como alcaldesa higueyana.<\/p>\n\n\n\n<p>\u00abAmable Aristy, quien fuera uno de los dominicanos m\u00e1s electos de la Rep\u00fablica. Se caracterizaba por su trato afable y buen amigo\u00bb, as\u00ed valor\u00f3 el senador de la provincia La Vega, Ram\u00f3n Rogelio Genaro, quien extern\u00f3 al periodista Troi Orlando Espejo las cualidades del tambi\u00e9n exitoso empresario que muri\u00f3 este domingo pasadas las 7:00 de la noche.<\/p>\n\n\n\n<p>Desde temprana edad,  comenz\u00f3 a laborar en el colmado de su t\u00edo, Chich\u00ed Aristy.<\/p>\n\n\n\n<p>Tambi\u00e9n fue vendedor ambulante, limpiabotas, empleado municipal y secretario de la Fiscal\u00eda de  HIGUEY.<\/p>\n\n\n\n<p>Estuvo en pol\u00edtica desde que se inici\u00f3  en 1976, cuando ingres\u00f3 al PRSC y luego en 1982, elegido diputado por esa organizaci\u00f3n por su provincia. <\/p>\n\n\n\n<p><\/p>\n\n\n\n<p><\/p>\n","protected":false},"excerpt":{"rendered":"<p>Higuey, provincia La Altagracia, falleci\u00f3 la tarde noche del domingo el dirigente pol\u00edtico y ex senador de La Provincia La Altagracia, Amable Aristy Castro. Aristy Castro era en la actualidad el presidente del Partido Liberal Reformista, organizaci\u00f3n que fund\u00f3 tras abandonar el PRSC. Fue diputado, senador por la Provincia La Altagracia durante varios per\u00edodos y [&hellip;]<\/p>\n","protected":false},"author":28,"featured_media":401638,"comment_status":"closed","ping_status":"","sticky":true,"template":"","format":"standard","meta":{"footnotes":""},"categories":[20,26,27],"tags":[],"class_list":["post-401634","post","type-post","status-publish","format-standard","has-post-thumbnail","hentry","category-dominicana-hoy","category-efemerides","category-portada"],"_links":{"self":[{"href":"https:\/\/diariodominicano.com\/index.php?rest_route=\/wp\/v2\/posts\/401634","targetHints":{"allow":["GET"]}}],"collection":[{"href":"https:\/\/diariodominicano.com\/index.php?rest_route=\/wp\/v2\/posts"}],"about":[{"href":"https:\/\/diariodominicano.com\/index.php?rest_route=\/wp\/v2\/types\/post"}],"author":[{"embeddable":true,"href":"https:\/\/diariodominicano.com\/index.php?rest_route=\/wp\/v2\/users\/28"}],"replies":[{"embeddable":true,"href":"https:\/\/diariodominicano.com\/index.php?rest_route=%2Fwp%2Fv2%2Fcomments&post=401634"}],"version-history":[{"count":4,"href":"https:\/\/diariodominicano.com\/index.php?rest_route=\/wp\/v2\/posts\/401634\/revisions"}],"predecessor-version":[{"id":401745,"href":"https:\/\/diariodominicano.com\/index.php?rest_route=\/wp\/v2\/posts\/401634\/revisions\/401745"}],"wp:featuredmedia":[{"embeddable":true,"href":"https:\/\/diariodominicano.com\/index.php?rest_route=\/wp\/v2\/media\/401638"}],"wp:attachment":[{"href":"https:\/\/diariodominicano.com\/index.php?rest_route=%2Fwp%2Fv2%2Fmedia&parent=401634"}],"wp:term":[{"taxonomy":"category","embeddable":true,"href":"https:\/\/diariodominicano.com\/index.php?rest_route=%2Fwp%2Fv2%2Fcategories&post=401634"},{"taxonomy":"post_tag","embeddable":true,"href":"https:\/\/diariodominicano.com\/index.php?rest_route=%2Fwp%2Fv2%2Ftags&post=401634"}],"curies":[{"name":"wp","href":"https:\/\/api.w.org\/{rel}","templated":true}]}}