{"id":40160,"date":"2020-01-27T23:15:01","date_gmt":"2020-01-27T23:15:01","guid":{"rendered":"http:\/\/diariodominicano.ddns.net\/?p=40160"},"modified":"2020-01-27T23:15:01","modified_gmt":"2020-01-27T23:15:01","slug":"el-triunfo-de-febrero","status":"publish","type":"post","link":"https:\/\/diariodominicano.com\/?p=40160","title":{"rendered":"&#13;El triunfo de febrero"},"content":{"rendered":"<p><body><\/p>\n<\/p>\n<p>A Pleno Sol<\/p>\n<\/p>\n<p>El triunfo de febrero<\/p>\n<\/p>\n<p>Por Manuel Hern\u00e1ndez Villeta<\/p>\n<\/p>\n<\/p>\n<p>Los candidatos presidenciales est\u00e1n aupando un fen\u00f3meno que los va a sepultar. En su af\u00e1n de llevar a cabo una campa\u00f1a electoral a destiempo, le est\u00e1n dando una importancia m\u00e1xima a la proyecci\u00f3n de los aspirantes a alcaldes y regidores.<\/p>\n<\/p>\n<p>En el fondo hay un intento de burlar disposiciones de la Junta Central Electoral, de que todav\u00eda no se abre la campa\u00f1a electoral a nivel presidencial. Si pueden hacer proselitismo en  el nivel municipal.<\/p>\n<\/p>\n<p>Buscando la forma de llevar su mensaje a todo el pa\u00eds, los tres aspirantes a la presidencia, utilizan a los eternos olvidados liderazgos pueblerinos, abriendo nuevas posibilidades con miras a las elecciones.<\/p>\n<\/p>\n<p>El fen\u00f3meno muy peligroso para los candidatos. La verdadera encuesta ser\u00e1n las elecciones municipales. El que gane la mayor cantidad de alcald\u00edas y regidur\u00edas, deber\u00e1 ser el ganador de las venideras elecciones. Tambi\u00e9n seria significativo de producirse una paridad de fuerzas en estos comicios.<\/p>\n<\/p>\n<p>Unas elecciones municipales carecen de la fuerza real para decidir las votaciones nacionales. Pero la visi\u00f3n del elector es importante. Las caravanas de los candidatos presidenciales indica que  las dos  elecciones estar\u00e1n hermanadas.<\/p>\n<\/p>\n<p>Llama la atenci\u00f3n que nunca el gran liderazgo pol\u00edtico nacional ha dado importancia a los dirigentes de pueblos. Siempre los someten al olvido, a las presiones y hasta el desprecio. Por dem\u00e1s, cuando  un dirigente local avanza, de inmediato agarra su maleta y se va a vivir en la Capital.<\/p>\n<\/p>\n<p>Es el caso de los diputados y senadores. Pr\u00e1cticamente abandonan su pueblo, y retornan fugazmente cuando est\u00e1n cerca  los comicios en la b\u00fasqueda de los votos. Ahora el panorama ha cambiado, pero solo hasta mediados de febrero.<\/p>\n<\/p>\n<p>Con el panorama de casi una obligatoria segunda vuelta de las elecciones presidenciales, los candidatos se ven en la obligaci\u00f3n de estar constantemente en campa\u00f1a y realizando caravanas, lo cual no es permitido en esta etapa por la Junta.<\/p>\n<\/p>\n<p>Una forma de burlar esa disposici\u00f3n es que en las caravanas el presidencial est\u00e9 acompa\u00f1ado de los candidatos  a alcalde y regidores. Pero se est\u00e1 sembrando una percepci\u00f3n que ser\u00e1 imposible de borrar.<\/p>\n<\/p>\n<p>Cuando los ciudadanos tengan que votar el pr\u00f3ximo febrero en las municipales, es seguro que lo har\u00e1n tomando en cuenta la fuerza que haya exhibido su candidato presidencial. La percepci\u00f3n en pol\u00edtica en ocasiones doblega a la realidad. Las nacionales se van a decidir en las municipales de  febrero. \u00a1Ay!, se me acab\u00f3 la tinta.<\/p>\n<\/p>\n<h6> 2020-01-27 23:15:01 <\/h6>\n<p><!--\n<link rel=\"stylesheet\" href=\"css\/bootstrap.min.css\">\n\n\n<ul class=\"pagination\">\n\t    \n\t\n\n<li >\n\t<a href='?page_no=339'>Previous<\/a>\n\t<\/li>\n\n\n       \n    \n\n<li><a href='?page_no=1'>1<\/a><\/li>\n\n\n\n<li><a href='?page_no=2'>2<\/a><\/li>\n\n\n\n<li><a>...<\/a><\/li>\n\n\n\n<li><a href='?page_no=338'>338<\/a><\/li>\n\n\n\n<li><a href='?page_no=339'>339<\/a><\/li>\n\n\n\n<li class='active'><a>340<\/a><\/li>\n\n\n\n<li><a href='?page_no=341'>341<\/a><\/li>\n\n\n\n<li><a href='?page_no=342'>342<\/a><\/li>\n\n\n\n<li><a>...<\/a><\/li>\n\n\n\n<li><a href='?page_no=13611'>13611<\/a><\/li>\n\n\n\n<li><a href='?page_no=13612'>13612<\/a><\/li>\n\n    \n\t\n\n<li >\n\t<a href='?page_no=341'>Next<\/a>\n\t<\/li>\n\n\n    \n\n<li><a href='?page_no=13612'>Last &rsaquo;&rsaquo;<\/a><\/li>\n\n<\/ul>\n\n\n--><br \/>\n<\/body><\/p>\n","protected":false},"excerpt":{"rendered":"<p>A Pleno Sol El triunfo de febrero Por Manuel Hern\u00e1ndez Villeta Los candidatos presidenciales est\u00e1n aupando un fen\u00f3meno que los va a sepultar. En su af\u00e1n de llevar a cabo una campa\u00f1a electoral a destiempo, le est\u00e1n dando una importancia m\u00e1xima a la proyecci\u00f3n de los aspirantes a alcaldes y regidores. En el fondo hay [&hellip;]<\/p>\n","protected":false},"author":3,"featured_media":0,"comment_status":"open","ping_status":"open","sticky":false,"template":"","format":"standard","meta":{"footnotes":""},"categories":[16],"tags":[],"class_list":["post-40160","post","type-post","status-publish","format-standard","hentry","category-opiniones"],"_links":{"self":[{"href":"https:\/\/diariodominicano.com\/index.php?rest_route=\/wp\/v2\/posts\/40160","targetHints":{"allow":["GET"]}}],"collection":[{"href":"https:\/\/diariodominicano.com\/index.php?rest_route=\/wp\/v2\/posts"}],"about":[{"href":"https:\/\/diariodominicano.com\/index.php?rest_route=\/wp\/v2\/types\/post"}],"author":[{"embeddable":true,"href":"https:\/\/diariodominicano.com\/index.php?rest_route=\/wp\/v2\/users\/3"}],"replies":[{"embeddable":true,"href":"https:\/\/diariodominicano.com\/index.php?rest_route=%2Fwp%2Fv2%2Fcomments&post=40160"}],"version-history":[{"count":0,"href":"https:\/\/diariodominicano.com\/index.php?rest_route=\/wp\/v2\/posts\/40160\/revisions"}],"wp:attachment":[{"href":"https:\/\/diariodominicano.com\/index.php?rest_route=%2Fwp%2Fv2%2Fmedia&parent=40160"}],"wp:term":[{"taxonomy":"category","embeddable":true,"href":"https:\/\/diariodominicano.com\/index.php?rest_route=%2Fwp%2Fv2%2Fcategories&post=40160"},{"taxonomy":"post_tag","embeddable":true,"href":"https:\/\/diariodominicano.com\/index.php?rest_route=%2Fwp%2Fv2%2Ftags&post=40160"}],"curies":[{"name":"wp","href":"https:\/\/api.w.org\/{rel}","templated":true}]}}