{"id":40159,"date":"2020-10-21T10:43:47","date_gmt":"2020-10-21T10:43:47","guid":{"rendered":"http:\/\/diariodominicano.ddns.net\/?p=40159"},"modified":"2020-10-21T10:43:47","modified_gmt":"2020-10-21T10:43:47","slug":"una-reivindicacion-para-evo-morales","status":"publish","type":"post","link":"https:\/\/diariodominicano.com\/?p=40159","title":{"rendered":"Una reivindicaci\u00f3n para Evo Morales"},"content":{"rendered":"<p><body><\/p>\n<p>VISI\u00d3N GLOBAL<\/p>\n<\/p>\n<p>Por Nelson Encarnaci\u00f3n<\/p>\n<\/p>\n<\/p>\n<p>Una reivindicaci\u00f3n para Evo Morales <\/p>\n<\/p>\n<p>Hace 11 meses una manipulaci\u00f3n a gran escala, magnificada hasta el infinito por Estados Unidos utilizando a su operador Luis Almagro, provocaba la ca\u00edda del presidente Evo Morales, acusado por esa maquinaria feroz de haber efectuado un fraude electoral para quedarse en el poder. <\/p>\n<\/p>\n<p>Una mentira enorme que no se quedaba en un simple escarceo poselectoral, sino que se saldaba con la vida de decenas de personas de los sectores populares que protestaban el derrocamiento disfrazado de su l\u00edder. <\/p>\n<\/p>\n<p>Menos de un a\u00f1o despu\u00e9s de aquella ejecuci\u00f3n malvada y criminal, el partido de Evo gana las elecciones con un margen superior al obtenido por el l\u00edder ind\u00edgena, frente al mismo candidato de la derecha y frente a los mismos intereses que de manera permanente han estado en contra del proceso boliviano. <\/p>\n<\/p>\n<p>Al elegir de manera abrumadora a Luis Arce, candidato del Movimiento Al Socialismo (MAS) con el 53% de los votos v\u00e1lidos, los bolivianos reivindicaron el legado pol\u00edtico y social de su l\u00edder, y reivindicaron tambi\u00e9n aquella expresi\u00f3n lapidaria de Mart\u00edn Luther King: \u00abPodr\u00e1n matar al so\u00f1ador, pero jam\u00e1s el sue\u00f1o\u00bb. <\/p>\n<\/p>\n<p>\u00bfPor qu\u00e9 a la derecha golpista boliviana, alicate de las transnacionales, no les resulta tan f\u00e1cil deshacerse de Evo Morales? Veamos algunos datos. <\/p>\n<\/p>\n<p>Para 2005, cuando Evo asume el poder, Bolivia estaba en la lista de los pa\u00edses con los peores indicadores de desarrollo humano, compitiendo en t\u00e9rmino de pobreza con Hait\u00ed, Honduras, Guatemala y otras naciones. <\/p>\n<\/p>\n<p>Esos indicadores, medidos ya fuera por el per c\u00e1pita de su Producto Interno Bruto (PIB) o por paridad de poder adquisitivo, daban como resultado que Bolivia ocupaba uno de los cinco primeros lugares en pobreza y pobreza extrema, a pesar de contar con grandes recursos naturales. <\/p>\n<\/p>\n<p>En 14 a\u00f1os de gesti\u00f3n, Evo logr\u00f3 que su pa\u00eds mejorara significativamente los indicadores mediante una justa distribuci\u00f3n de los ingresos que antes se los llevaba un grupo de empresas transnacionales que dejaban migajas a los propietarios de esas riquezas. <\/p>\n<\/p>\n<p>Solo por concepto de gas natural, Evo logr\u00f3 que los bolivianos recibieran 12 veces m\u00e1s de lo que recib\u00edan cuando fueron gobernados por la derecha golpista y rapaz que entregaba asas riquezas a empresas igualmente rapaces, y que estaban representadas por quienes han escogido sistem\u00e1ticamente a Carlos Mesa como candidato, siendo, sistem\u00e1ticamente tambi\u00e9n, derrotado por el pueblo. <\/p>\n<\/p>\n<p>Un reciente informe de la Universidad de Oxford en Reino Unido, reforzado por el Programa de Naciones Unidas para el Desarrollo, da cuenta de esos avances, y cuando se analiza el cambio de vida de los bolivianos nos damos cuenta la raz\u00f3n por la cual a esos grupos les ser\u00e1 dif\u00edcil desplazar del poder a un movimiento sembrado en el coraz\u00f3n del pueblo.  <\/p>\n<\/p>\n<\/p>\n<p>Nelsonencar10@gmail.com<\/p>\n<\/p>\n<\/p>\n<p>Zona de los archivos adjuntos<\/p>\n<h6> 2020-10-21 10:43:47 <\/h6>\n<p><!--\n<link rel=\"stylesheet\" href=\"css\/bootstrap.min.css\">\n\n\n<ul class=\"pagination\">\n\t    \n\t\n\n<li >\n\t<a href='?page_no=33'>Previous<\/a>\n\t<\/li>\n\n\n       \n    \n\n<li><a href='?page_no=1'>1<\/a><\/li>\n\n\n\n<li><a href='?page_no=2'>2<\/a><\/li>\n\n\n\n<li><a>...<\/a><\/li>\n\n\n\n<li><a href='?page_no=32'>32<\/a><\/li>\n\n\n\n<li><a href='?page_no=33'>33<\/a><\/li>\n\n\n\n<li class='active'><a>34<\/a><\/li>\n\n\n\n<li><a href='?page_no=35'>35<\/a><\/li>\n\n\n\n<li><a href='?page_no=36'>36<\/a><\/li>\n\n\n\n<li><a>...<\/a><\/li>\n\n\n\n<li><a href='?page_no=13611'>13611<\/a><\/li>\n\n\n\n<li><a href='?page_no=13612'>13612<\/a><\/li>\n\n    \n\t\n\n<li >\n\t<a href='?page_no=35'>Next<\/a>\n\t<\/li>\n\n\n    \n\n<li><a href='?page_no=13612'>Last &rsaquo;&rsaquo;<\/a><\/li>\n\n<\/ul>\n\n\n--><br \/>\n<\/body><\/p>\n","protected":false},"excerpt":{"rendered":"<p>VISI\u00d3N GLOBAL Por Nelson Encarnaci\u00f3n Una reivindicaci\u00f3n para Evo Morales Hace 11 meses una manipulaci\u00f3n a gran escala, magnificada hasta el infinito por Estados Unidos utilizando a su operador Luis Almagro, provocaba la ca\u00edda del presidente Evo Morales, acusado por esa maquinaria feroz de haber efectuado un fraude electoral para quedarse en el poder. Una [&hellip;]<\/p>\n","protected":false},"author":3,"featured_media":0,"comment_status":"open","ping_status":"open","sticky":false,"template":"","format":"standard","meta":{"footnotes":""},"categories":[16],"tags":[],"class_list":["post-40159","post","type-post","status-publish","format-standard","hentry","category-opiniones"],"_links":{"self":[{"href":"https:\/\/diariodominicano.com\/index.php?rest_route=\/wp\/v2\/posts\/40159","targetHints":{"allow":["GET"]}}],"collection":[{"href":"https:\/\/diariodominicano.com\/index.php?rest_route=\/wp\/v2\/posts"}],"about":[{"href":"https:\/\/diariodominicano.com\/index.php?rest_route=\/wp\/v2\/types\/post"}],"author":[{"embeddable":true,"href":"https:\/\/diariodominicano.com\/index.php?rest_route=\/wp\/v2\/users\/3"}],"replies":[{"embeddable":true,"href":"https:\/\/diariodominicano.com\/index.php?rest_route=%2Fwp%2Fv2%2Fcomments&post=40159"}],"version-history":[{"count":0,"href":"https:\/\/diariodominicano.com\/index.php?rest_route=\/wp\/v2\/posts\/40159\/revisions"}],"wp:attachment":[{"href":"https:\/\/diariodominicano.com\/index.php?rest_route=%2Fwp%2Fv2%2Fmedia&parent=40159"}],"wp:term":[{"taxonomy":"category","embeddable":true,"href":"https:\/\/diariodominicano.com\/index.php?rest_route=%2Fwp%2Fv2%2Fcategories&post=40159"},{"taxonomy":"post_tag","embeddable":true,"href":"https:\/\/diariodominicano.com\/index.php?rest_route=%2Fwp%2Fv2%2Ftags&post=40159"}],"curies":[{"name":"wp","href":"https:\/\/api.w.org\/{rel}","templated":true}]}}