{"id":401571,"date":"2022-12-04T09:46:11","date_gmt":"2022-12-04T13:46:11","guid":{"rendered":"http:\/\/diariodominicano.com\/?p=401571"},"modified":"2022-12-04T09:46:11","modified_gmt":"2022-12-04T13:46:11","slug":"enfoque-de-china-pueblo-chino-sigue-de-luto-por-deceso-de-jiang-zemin","status":"publish","type":"post","link":"https:\/\/diariodominicano.com\/?p=401571","title":{"rendered":"Enfoque de China: Pueblo chino sigue de luto por deceso de Jiang Zemin"},"content":{"rendered":"\n<p><em>spanish.news.cn<\/em>|<em>&nbsp;2022-12-03 20:38:00<\/em>|<\/p>\n\n\n\n<p>BEIJING, 3 dic (Xinhua) &#8212; Desde hace d\u00edas, el pueblo de toda China est\u00e1 de luto por el ex l\u00edder Jiang Zemin, quien falleci\u00f3 el mi\u00e9rcoles en Shanghai a la edad de 96 a\u00f1os.<\/p>\n\n\n\n<p>\u00abMe tom\u00f3 unos minutos antes de entender lo que hab\u00eda pasado. Estaba muy triste\u00bb. Wang Yuge, secretario de la c\u00e9lula del Partido Comunista de China (PCCh) de un equipo de trabajo de Tianjin Port Container Terminal Co., Ltd., expres\u00f3 que estaba profundamente afligido por la noticia de la muerte de Jiang.<\/p>\n\n\n\n<p>Wang record\u00f3 que s\u00f3lo era un simple camionero en el muelle cuando Jiang visit\u00f3 el puerto septentrional chino de Tianjin durante una gira de inspecci\u00f3n. El puerto ha experimentado intensos cambios en los \u00faltimos 30 a\u00f1os, convirti\u00e9ndose en una puerta mar\u00edtima de la regi\u00f3n Beijing-Tianjin-Hebei, y manteniendo el comercio con m\u00e1s de 500 puertos de m\u00e1s de 180 pa\u00edses y regiones.<\/p>\n\n\n\n<p>Yan&#8217;an, antigua base revolucionaria de la provincia noroccidental china de Shaanxi, se vio envuelta en un gran dolor.<\/p>\n\n\n\n<p>\u00abLa visita del camarada Jiang Zemin a Yan&#8217;an perdura en la mente de los habitantes de Yan&#8217;an\u00bb, adelant\u00f3 Feng Mei, directora de un instituto de investigaci\u00f3n dedicado a promover el esp\u00edritu de Yan&#8217;an.<\/p>\n\n\n\n<p>Feng relat\u00f3 que despu\u00e9s de que Jiang formulara el importante pensamiento de la Triple Representatividad, toda la ciudad aplic\u00f3 y practic\u00f3 el pensamiento, lo que supuso notables mejoras en la conducta del Partido y en la relaci\u00f3n entre \u00e9ste y las masas de la ciudad.<\/p>\n\n\n\n<p>Liu Jiming, un antiguo jefe del Partido, de 80 a\u00f1os de edad, en una aldea de la ciudad de Datong, en la provincia norte\u00f1a china de Shanxi, relat\u00f3 que a\u00fan recuerda la gira de inspecci\u00f3n que realiz\u00f3 Jiang en Datong tras el terremoto que sufri\u00f3 la ciudad en enero de 1990.<\/p>\n\n\n\n<p>\u00ab\u00c9l baj\u00f3 al pueblo, pregunt\u00f3 por nuestras necesidades y nos anim\u00f3 a reconstruir nuestras casas\u00bb, record\u00f3 Liu.<\/p>\n\n\n\n<p>Ma Yonghuan, jefe del Partido en la aldea de Guangming, en la provincia suroccidental china de Guizhou, record\u00f3 los cambios que Jiang trajo a la aldea.<\/p>\n\n\n\n<p>\u00abHubo un tiempo en que la aldea no ten\u00eda acceso a agua ni a electricidad y ten\u00edamos que recorrer kil\u00f3metros de caminos de monta\u00f1a para recoger agua. Despu\u00e9s de que el camarada Jiang Zemin visitara nuestro pueblo, hubo electricidad y las carreteras se pavimentaron, y la industria prosper\u00f3\u00bb, record\u00f3 Ma, agregando que \u00abnos gustar\u00eda que pudiera venir a verlo de nuevo\u00bb.<\/p>\n\n\n\n<p>Li Xi, antiguo curador de un museo en Lijiang, a\u00fan recordaba el viaje de inspecci\u00f3n de Jiang al casco antiguo de Lijiang, en la provincia suroccidental china de Yunnan, en 1999.<\/p>\n\n\n\n<p>\u00abJiang escuch\u00f3 la m\u00fasica ancestral del pueblo naxi, charl\u00f3 con los comerciantes y turistas, y cant\u00f3 y bail\u00f3 con personas de las minor\u00edas \u00e9tnicas. Fue un momento muy divertido\u00bb, record\u00f3 Li.<\/p>\n\n\n\n<p>Los habitantes de Hong Kong, Macao y Taiwan tambi\u00e9n se unieron al luto por Jiang.<\/p>\n\n\n\n<p>Vestidos con ropa de luto blanca y con crisantemos en sus manos, los ciudadanos de Hong Kong hac\u00edan cola ante el edificio de la Oficina de Enlace del Gobierno Popular Central en la Regi\u00f3n Administrativa Especial de Hong Kong para lamentar el fallecimiento de Jiang.<\/p>\n\n\n\n<p>Un residente de 82 a\u00f1os de apellido Chen se encontraba entre los asistentes, expresando un profundo dolor y mostr\u00e1ndose reacio a abandonar el lugar. \u00abLe estoy agradecido por permitirnos ser verdaderos chinos\u00bb, dijo.<\/p>\n\n\n\n<p>La gente estaba profundamente entristecida por el fallecimiento de Jiang, quien apoy\u00f3 y asegur\u00f3 la aplicaci\u00f3n de \u00abun pa\u00eds con dos sistemas\u00bb para garantizar el retorno exitoso de Hong Kong y Macao a la madre patria, expres\u00f3 Ng Siu Lai, presidenta de la Federaci\u00f3n de Asociaciones de Vecinos de Macao, y a\u00f1adi\u00f3 que los compatriotas de Macao nunca olvidar\u00e1n sus contribuciones.<\/p>\n\n\n\n<p>Jiang fue aclamado como un estadista y un destacado l\u00edder que gozaba de un gran prestigio reconocido por los compatriotas de ambos lados del Estrecho de Taiwan, quien tambi\u00e9n promovi\u00f3 los intercambios a trav\u00e9s del Estrecho y desarroll\u00f3 las relaciones a trav\u00e9s del mismo, manifest\u00f3 Chi Chia-lin, quien dirige el Partido de la Alianza para la Reunificaci\u00f3n en Taiwan, en un mensaje de condolencia.<\/p>\n\n\n\n<p>Estamos convencidos de que, bajo el liderazgo del PCCh, se lograr\u00e1 con seguridad la reunificaci\u00f3n completa de China, complement\u00f3.<a href=\"https:\/\/www.facebook.com\/sharer\/sharer.php?u=http:\/\/spanish.xinhuanet.com\/20221203\/b685d85308304639b53754e125081c16\/c.html\" target=\"_blank\" rel=\"noreferrer noopener\"><\/a><a href=\"https:\/\/twitter.com\/intent\/tweet?text=%0A%20%20%20%20%20%20%20%20%20%20%20%20%20%20%20%20%20%20%20%20Enfoque%20de%20China:%20Pueblo%20chino%20sigue%20de%20luto%20por%20deceso%20de%20Jiang%20Zemin%0A%20%20%20%20%20%20%20%20%20%20%20%20%20%20%20%20&amp;url=http:\/\/spanish.xinhuanet.com\/20221203\/b685d85308304639b53754e125081c16\/c.html\" target=\"_blank\" rel=\"noreferrer noopener\"><\/a><a target=\"_blank\" href=\"https:\/\/service.weibo.com\/share\/share.php?title=%0A%20%20%20%20%20%20%20%20%20%20%20%20%20%20%20%20%20%20%20%20Enfoque%20de%20China:%20Pueblo%20chino%20sigue%20de%20luto%20por%20deceso%20de%20Jiang%20Zemin%0A%20%20%20%20%20%20%20%20%20%20%20%20%20%20%20%20&amp;url=http:\/\/spanish.xinhuanet.com\/20221203\/b685d85308304639b53754e125081c16\/c.html\" rel=\"noreferrer noopener\"><\/a><a><\/a><\/p>\n\n\n\n<figure class=\"wp-block-image\"><img decoding=\"async\" src=\"https:\/\/www.newsimg.cn\/spanish\/20170522\/img\/jc-xfa.png\" alt=\"\"\/><\/figure>\n","protected":false},"excerpt":{"rendered":"<p>spanish.news.cn|&nbsp;2022-12-03 20:38:00| BEIJING, 3 dic (Xinhua) &#8212; Desde hace d\u00edas, el pueblo de toda China est\u00e1 de luto por el ex l\u00edder Jiang Zemin, quien falleci\u00f3 el mi\u00e9rcoles en Shanghai a la edad de 96 a\u00f1os. \u00abMe tom\u00f3 unos minutos antes de entender lo que hab\u00eda pasado. Estaba muy triste\u00bb. Wang Yuge, secretario de la [&hellip;]<\/p>\n","protected":false},"author":28,"featured_media":401027,"comment_status":"closed","ping_status":"","sticky":true,"template":"","format":"standard","meta":{"footnotes":""},"categories":[26,23,27],"tags":[],"class_list":["post-401571","post","type-post","status-publish","format-standard","has-post-thumbnail","hentry","category-efemerides","category-internacional","category-portada"],"_links":{"self":[{"href":"https:\/\/diariodominicano.com\/index.php?rest_route=\/wp\/v2\/posts\/401571","targetHints":{"allow":["GET"]}}],"collection":[{"href":"https:\/\/diariodominicano.com\/index.php?rest_route=\/wp\/v2\/posts"}],"about":[{"href":"https:\/\/diariodominicano.com\/index.php?rest_route=\/wp\/v2\/types\/post"}],"author":[{"embeddable":true,"href":"https:\/\/diariodominicano.com\/index.php?rest_route=\/wp\/v2\/users\/28"}],"replies":[{"embeddable":true,"href":"https:\/\/diariodominicano.com\/index.php?rest_route=%2Fwp%2Fv2%2Fcomments&post=401571"}],"version-history":[{"count":1,"href":"https:\/\/diariodominicano.com\/index.php?rest_route=\/wp\/v2\/posts\/401571\/revisions"}],"predecessor-version":[{"id":401572,"href":"https:\/\/diariodominicano.com\/index.php?rest_route=\/wp\/v2\/posts\/401571\/revisions\/401572"}],"wp:featuredmedia":[{"embeddable":true,"href":"https:\/\/diariodominicano.com\/index.php?rest_route=\/wp\/v2\/media\/401027"}],"wp:attachment":[{"href":"https:\/\/diariodominicano.com\/index.php?rest_route=%2Fwp%2Fv2%2Fmedia&parent=401571"}],"wp:term":[{"taxonomy":"category","embeddable":true,"href":"https:\/\/diariodominicano.com\/index.php?rest_route=%2Fwp%2Fv2%2Fcategories&post=401571"},{"taxonomy":"post_tag","embeddable":true,"href":"https:\/\/diariodominicano.com\/index.php?rest_route=%2Fwp%2Fv2%2Ftags&post=401571"}],"curies":[{"name":"wp","href":"https:\/\/api.w.org\/{rel}","templated":true}]}}