{"id":401545,"date":"2022-12-03T23:55:17","date_gmt":"2022-12-04T03:55:17","guid":{"rendered":"http:\/\/diariodominicano.com\/?p=401545"},"modified":"2022-12-03T23:55:17","modified_gmt":"2022-12-04T03:55:17","slug":"militares-dominicanos-comandados-por-el-general-antonio-duverge-desalojan-a-invasores-haitianos-del-fuerte-de-cachiman","status":"publish","type":"post","link":"https:\/\/diariodominicano.com\/?p=401545","title":{"rendered":"Militares dominicanos comandados por el general Antonio Duverg\u00e9 desalojan a invasores haitianos del Fuerte de Cachim\u00e1n"},"content":{"rendered":"\n<p>Por H\u00e9ctor Tineo Nolasco<\/p>\n\n\n\n<p>Diariodominicano.com<\/p>\n\n\n\n<p><strong>COMENDADOR, el\u00a0\u00a0 4 de diciembre de 1844<\/strong>, militares de la Rep\u00fablica Dominicana, comandados por el general Antonio Duverg\u00e9, desalojaron a militares haitianos invasores del fuerte de Cachim\u00e1n en la regi\u00f3n Sur, cerca de Comendador.<\/p>\n\n\n\n<p>&nbsp;&nbsp;&nbsp; Tras ataques intensos, las fuerzas dominicanas tomaron a Cachim\u00e1n y por disposici\u00f3n del General Antonio Duverg\u00e9,&nbsp; en el lugar fue establecido un puesto de avanzada al mando del comandante Juan Evangelista Batista.<\/p>\n\n\n\n<p>&nbsp;&nbsp; La Rep\u00fablica Dominicana fue proclamada el 27 de febrero de 1844, con lo que termin\u00f3 la ocupaci\u00f3n haitiana, pero el Gobierno de Hait\u00ed se negaba a reconocer el Estado Dominicano.<\/p>\n\n\n\n<p>&nbsp;A partir de la fundaci\u00f3n de la Rep\u00fablica Dominicana, Hait\u00ed organiz\u00f3 m\u00faltiples invasiones contra el territorio dominicano, pero los dominicanos se impusieron.<\/p>\n\n\n\n<p>&nbsp;&nbsp; El general Antonio Duverg\u00e9 al desalojar a los haitianos del fuerte de Cachim\u00e1n, se anot\u00f3 con sus hombres otro punto en la lucha en defensa de la soberan\u00eda nacional. Antes combati\u00f3 a los haitianos en la Batalla de Azua, conocida en la historia dominicana como la Batalla del 19 de Marzo.<\/p>\n\n\n\n<p>&nbsp; Tambi\u00e9n el 13 de abril de 1844, el general Antonio Duverg\u00e9, y los oficiales Cheri Victoria y Felipe Alfau, dirigieron las operaciones en la Batalla de El Memiso, en la cual los dominicanos derrotaron a los haitianos.<\/p>\n\n\n\n<p>&nbsp;&nbsp;&nbsp; Antonio Duverg\u00e9 por m\u00e9ritos lleg\u00f3 al grado de General de Divisi\u00f3n. En la lucha contra los haitianos tambi\u00e9n se destac\u00f3 en las batallas de&nbsp; Estrelleta,&nbsp; El N\u00famero, y Las Carreras, entre otras acciones en defensa de la soberan\u00eda nacional.<\/p>\n","protected":false},"excerpt":{"rendered":"<p>Por H\u00e9ctor Tineo Nolasco Diariodominicano.com COMENDADOR, el\u00a0\u00a0 4 de diciembre de 1844, militares de la Rep\u00fablica Dominicana, comandados por el general Antonio Duverg\u00e9, desalojaron a militares haitianos invasores del fuerte de Cachim\u00e1n en la regi\u00f3n Sur, cerca de Comendador. &nbsp;&nbsp;&nbsp; Tras ataques intensos, las fuerzas dominicanas tomaron a Cachim\u00e1n y por disposici\u00f3n del General Antonio [&hellip;]<\/p>\n","protected":false},"author":28,"featured_media":297274,"comment_status":"closed","ping_status":"","sticky":true,"template":"","format":"standard","meta":{"footnotes":""},"categories":[36,26,27],"tags":[],"class_list":["post-401545","post","type-post","status-publish","format-standard","has-post-thumbnail","hentry","category-hombresmujeresycosas","category-efemerides","category-portada"],"_links":{"self":[{"href":"https:\/\/diariodominicano.com\/index.php?rest_route=\/wp\/v2\/posts\/401545","targetHints":{"allow":["GET"]}}],"collection":[{"href":"https:\/\/diariodominicano.com\/index.php?rest_route=\/wp\/v2\/posts"}],"about":[{"href":"https:\/\/diariodominicano.com\/index.php?rest_route=\/wp\/v2\/types\/post"}],"author":[{"embeddable":true,"href":"https:\/\/diariodominicano.com\/index.php?rest_route=\/wp\/v2\/users\/28"}],"replies":[{"embeddable":true,"href":"https:\/\/diariodominicano.com\/index.php?rest_route=%2Fwp%2Fv2%2Fcomments&post=401545"}],"version-history":[{"count":1,"href":"https:\/\/diariodominicano.com\/index.php?rest_route=\/wp\/v2\/posts\/401545\/revisions"}],"predecessor-version":[{"id":401546,"href":"https:\/\/diariodominicano.com\/index.php?rest_route=\/wp\/v2\/posts\/401545\/revisions\/401546"}],"wp:featuredmedia":[{"embeddable":true,"href":"https:\/\/diariodominicano.com\/index.php?rest_route=\/wp\/v2\/media\/297274"}],"wp:attachment":[{"href":"https:\/\/diariodominicano.com\/index.php?rest_route=%2Fwp%2Fv2%2Fmedia&parent=401545"}],"wp:term":[{"taxonomy":"category","embeddable":true,"href":"https:\/\/diariodominicano.com\/index.php?rest_route=%2Fwp%2Fv2%2Fcategories&post=401545"},{"taxonomy":"post_tag","embeddable":true,"href":"https:\/\/diariodominicano.com\/index.php?rest_route=%2Fwp%2Fv2%2Ftags&post=401545"}],"curies":[{"name":"wp","href":"https:\/\/api.w.org\/{rel}","templated":true}]}}