{"id":401499,"date":"2022-12-03T22:48:40","date_gmt":"2022-12-04T02:48:40","guid":{"rendered":"http:\/\/diariodominicano.com\/?p=401499"},"modified":"2025-03-31T21:58:40","modified_gmt":"2025-04-01T01:58:40","slug":"rafael-mendez-rechaza-pedido-airac-al-banco-central-para-que-supervise-las-cooperativas","status":"publish","type":"post","link":"https:\/\/diariodominicano.com\/?p=401499","title":{"rendered":"Rafael M\u00e9ndez rechaza pedido AIRAC al Banco Central para que supervise las cooperativas"},"content":{"rendered":"\n<p><strong>Rafael M\u00e9ndez<\/strong><\/p>\n\n\n\n<p>NEYBA, RD:\u00a0 El ex presidente-administrador Instituto de Desarrollo y<br>Cr\u00e9dito Cooperativo (IDECOOP), ex diputado Rafael M\u00e9ndez, rechaz\u00f3 la<br>reiterada propuesta de la Asociaci\u00f3n de Instituciones Rurales de<br>Ahorro y Cr\u00e9dito (Airac), de que el Banco Central  se convierta en<br>el ente supervisor y regulador de las cooperativas.<\/p>\n\n\n\n<p>&nbsp; M\u00e9ndez dijo que AIRAC olvida que es al IDECOOP, en representaci\u00f3n<br>del Estado, a quien le corresponde por atribuci\u00f3n de Ley 31, que crea<br>ese organismo, cumplir la misi\u00f3n de supervisar la operatividad de las<br>cooperativas en la Rep\u00fablica Dominicana.<\/p>\n\n\n\n<p>&nbsp;\u201cPero tambi\u00e9n, mediante la Ley 127, le reserva a la entidad estatal<br>la misi\u00f3n de regular y fomentar la creaci\u00f3n de cooperativas de todo<br>tipo, atribuciones que se hace extensiva a las entidades de<br>integraci\u00f3n de segundo y tercer nivel\u201d, record\u00f3.<\/p>\n\n\n\n<p>\u00a0Asegur\u00f3 que lo m\u00e1s lamente es que esa reiterada petici\u00f3n de AIRAC es<br>que no cuenta con el consenso del sector cooperativa nacional, \u201cy por<br>el contrario, ha sido reiteradamente rechazado por el sector<br>cooperativo nacional\u201d.<\/p>\n\n\n\n<p>ecosdelsur01@gmail.com<\/p>\n","protected":false},"excerpt":{"rendered":"<p>Rafael M\u00e9ndez NEYBA, RD:\u00a0 El ex presidente-administrador Instituto de Desarrollo yCr\u00e9dito Cooperativo (IDECOOP), ex diputado Rafael M\u00e9ndez, rechaz\u00f3 lareiterada propuesta de la Asociaci\u00f3n de Instituciones Rurales deAhorro y Cr\u00e9dito (Airac), de que el Banco Central se convierta enel ente supervisor y regulador de las cooperativas. &nbsp; M\u00e9ndez dijo que AIRAC olvida que es al IDECOOP, [&hellip;]<\/p>\n","protected":false},"author":28,"featured_media":401500,"comment_status":"closed","ping_status":"closed","sticky":true,"template":"","format":"standard","meta":{"footnotes":""},"categories":[22],"tags":[178],"class_list":["post-401499","post","type-post","status-publish","format-standard","has-post-thumbnail","hentry","category-politica","tag-rafael-mendez"],"_links":{"self":[{"href":"https:\/\/diariodominicano.com\/index.php?rest_route=\/wp\/v2\/posts\/401499","targetHints":{"allow":["GET"]}}],"collection":[{"href":"https:\/\/diariodominicano.com\/index.php?rest_route=\/wp\/v2\/posts"}],"about":[{"href":"https:\/\/diariodominicano.com\/index.php?rest_route=\/wp\/v2\/types\/post"}],"author":[{"embeddable":true,"href":"https:\/\/diariodominicano.com\/index.php?rest_route=\/wp\/v2\/users\/28"}],"replies":[{"embeddable":true,"href":"https:\/\/diariodominicano.com\/index.php?rest_route=%2Fwp%2Fv2%2Fcomments&post=401499"}],"version-history":[{"count":2,"href":"https:\/\/diariodominicano.com\/index.php?rest_route=\/wp\/v2\/posts\/401499\/revisions"}],"predecessor-version":[{"id":401502,"href":"https:\/\/diariodominicano.com\/index.php?rest_route=\/wp\/v2\/posts\/401499\/revisions\/401502"}],"wp:featuredmedia":[{"embeddable":true,"href":"https:\/\/diariodominicano.com\/index.php?rest_route=\/wp\/v2\/media\/401500"}],"wp:attachment":[{"href":"https:\/\/diariodominicano.com\/index.php?rest_route=%2Fwp%2Fv2%2Fmedia&parent=401499"}],"wp:term":[{"taxonomy":"category","embeddable":true,"href":"https:\/\/diariodominicano.com\/index.php?rest_route=%2Fwp%2Fv2%2Fcategories&post=401499"},{"taxonomy":"post_tag","embeddable":true,"href":"https:\/\/diariodominicano.com\/index.php?rest_route=%2Fwp%2Fv2%2Ftags&post=401499"}],"curies":[{"name":"wp","href":"https:\/\/api.w.org\/{rel}","templated":true}]}}