{"id":40148,"date":"2020-01-28T00:03:18","date_gmt":"2020-01-28T00:03:18","guid":{"rendered":"http:\/\/diariodominicano.ddns.net\/?p=40148"},"modified":"2020-01-28T00:03:18","modified_gmt":"2020-01-28T00:03:18","slug":"que-rueden-cabezas","status":"publish","type":"post","link":"https:\/\/diariodominicano.com\/?p=40148","title":{"rendered":"QUE RUEDEN CABEZAS"},"content":{"rendered":"<p><body><\/p>\n<p><strong><span class=\"text1noticias\">EN PRIMERA FILA<\/span><\/strong><\/p>\n<p><strong><span class=\"text1noticias\">QUE RUEDEN CABEZAS<\/span><\/strong><\/p>\n<p><strong><span class=\"text1noticias\">Mario Rivadulla<\/span><\/strong><\/p>\n<\/p>\n<p><span class=\"text1noticias\">Ha sido insistente la campa\u00f1a para poner freno a la pr\u00e1ctica tradicional pero ilegal e inmoral de la compra-venta de votos y c\u00e9dulas llevada a cabo por partidos pol\u00edticos y aspirantes a posiciones electivas y el reclamo de nombrar un Procurador Especializado para la Persecuci\u00f3n de los Delitos Electorales.<\/span><\/p>\n<\/p>\n<p><span class=\"text1noticias\"> Con ese motivo, en visita realizada a la Junta Central Electoral, reunido con su Presidente y dem\u00e1s integrantes del pleno, el Procurador General de la Rep\u00fablica, Jean Alain Rodr\u00edguez, inform\u00f3 que los fiscales titulares est\u00e1n debidamente instruidos para conocer de tales casos y actuar con apego a la ley y sin consideraciones partidarias ni personales.<\/span><\/p>\n<\/p>\n<p><span class=\"text1noticias\">Aceptemos que real y efectivamente, como asegura el Procurador General, los titulares de la fiscal\u00eda habr\u00e1n de proceder con estricto apego a las normas jur\u00eddicas y la \u00e9tica profesional. Esto, sobre todo, en<\/span><\/p>\n<p><span class=\"text1noticias\">las circunscripciones de menor poblaci\u00f3n, donde la mayor\u00eda de las personas se conocen, se guardan amistad o mantienen alg\u00fan tipo de relaci\u00f3n, y por consiguiente son m\u00e1s proclives a dejarse influenciar. Pero a\u00fan cuando no sea as\u00ed, ser\u00e1 en todo caso solo un primer paso.<\/span><\/p>\n<\/p>\n<p><span class=\"text1noticias\">De poco o nada vale contar con una correcta disposici\u00f3n del aparato fiscal, si no cuenta con la colaboraci\u00f3n de los propios y principales agentes del proceso, que no es la Junta precisamente, sino los partidos pol\u00edticos de cuyo seno ha surgido y se mantiene esa pr\u00e1ctica que vicia y distorsiona la libre expresi\u00f3n del voto en beneficio de intereses espurios.<\/span><\/p>\n<\/p>\n<p><span class=\"text1noticias\">Son las agrupaciones que contender\u00e1n por el poder las primeras obligadas a extra\u00f1ar de sus filas a quienes se dedican a este ilegal tr\u00e1fico que mercantiliza el sagrado ejercicio del sufragio, socava las bases del sistema democr\u00e1tico y la confianza de los electores de que el resultado de las urnas reflejar\u00e1 su voluntad de manera transparente y fiable.<\/span><\/p>\n<\/p>\n<p><span class=\"text1noticias\">Hay que recordar que los fiscales act\u00faan reactivamente frente a un hecho delictivo consumado. Su intervenci\u00f3n, en este caso, est\u00e1 sujeta a las denuncias que reciban sobre compra venta de votos, salvo en el caso infrecuente en que puedan percibirlo por s\u00ed mismos. Corresponder\u00e1 pues a los propios activistas de los partidos convertirse en celosos vigilantes atentos a perseguir y reportar cualquier acci\u00f3n de esa naturaleza. <\/span><\/p>\n<\/p>\n<p><span class=\"text1noticias\">De igual modo toca a los observadores acreditados por la Junta y a cualquier ciudadano en disposici\u00f3n de compartir el compromiso de contribuir a sanear los procesos electorales. A los jueces tocar\u00e1 aplicar<\/span><\/p>\n<p><span class=\"text1noticias\">las sanciones m\u00e1s rigurosas que establezca la ley para este tipo de delito, que debe ser considerado y penalizado como de car\u00e1cter grave. <\/span><\/p>\n<\/p>\n<p><span class=\"text1noticias\">Como bien reclama monse\u00f1or V\u00edctor Masalles, a cargo del obispado de Ban\u00ed, con su habitual crudo lenguaje que tanto recuerda el del hoy acogido al retiro cardenal L\u00f3pez Rodr\u00edguez, hace falta \u00abque rueden<\/span><\/p>\n<p><span class=\"text1noticias\">cabezas\u00bb, entendiendo como tal la\u00a0llegada la hora de que tanto quienes ofertan la compra del voto o la c\u00e9dula como quienes los venden, entiendan que se trata de un delito de mayor cuant\u00eda y que a quien se arriesga a cometerlo le espera la correspondiente sanci\u00f3n.<\/span><\/p>\n<\/p>\n<p><span class=\"text1noticias\">Las penas de multas y prisi\u00f3n est\u00e1n debidamente consignadas en el C\u00f3digo. Todo consiste en que tal como reclam\u00f3 en su discurso de apertura del nuevo a\u00f1o judicial, el presidente de la Suprema Corte de <strong>Justicia, el juez no tenga miedo en aplicarlas.<\/strong><\/span><\/p>\n<p><strong>Mario Rivadulla<\/strong><\/p>\n<\/p>\n<\/p>\n<h6> 2020-01-28 00:03:18 <\/h6>\n<p><!--\n<link rel=\"stylesheet\" href=\"css\/bootstrap.min.css\">\n\n\n<ul class=\"pagination\">\n\t    \n\t\n\n<li >\n\t<a href='?page_no=338'>Previous<\/a>\n\t<\/li>\n\n\n       \n    \n\n<li><a href='?page_no=1'>1<\/a><\/li>\n\n\n\n<li><a href='?page_no=2'>2<\/a><\/li>\n\n\n\n<li><a>...<\/a><\/li>\n\n\n\n<li><a href='?page_no=337'>337<\/a><\/li>\n\n\n\n<li><a href='?page_no=338'>338<\/a><\/li>\n\n\n\n<li class='active'><a>339<\/a><\/li>\n\n\n\n<li><a href='?page_no=340'>340<\/a><\/li>\n\n\n\n<li><a href='?page_no=341'>341<\/a><\/li>\n\n\n\n<li><a>...<\/a><\/li>\n\n\n\n<li><a href='?page_no=13611'>13611<\/a><\/li>\n\n\n\n<li><a href='?page_no=13612'>13612<\/a><\/li>\n\n    \n\t\n\n<li >\n\t<a href='?page_no=340'>Next<\/a>\n\t<\/li>\n\n\n    \n\n<li><a href='?page_no=13612'>Last &rsaquo;&rsaquo;<\/a><\/li>\n\n<\/ul>\n\n\n--><br \/>\n<\/body><\/p>\n","protected":false},"excerpt":{"rendered":"<p>EN PRIMERA FILA QUE RUEDEN CABEZAS Mario Rivadulla Ha sido insistente la campa\u00f1a para poner freno a la pr\u00e1ctica tradicional pero ilegal e inmoral de la compra-venta de votos y c\u00e9dulas llevada a cabo por partidos pol\u00edticos y aspirantes a posiciones electivas y el reclamo de nombrar un Procurador Especializado para la Persecuci\u00f3n de los [&hellip;]<\/p>\n","protected":false},"author":3,"featured_media":0,"comment_status":"open","ping_status":"open","sticky":false,"template":"","format":"standard","meta":{"footnotes":""},"categories":[16],"tags":[],"class_list":["post-40148","post","type-post","status-publish","format-standard","hentry","category-opiniones"],"_links":{"self":[{"href":"https:\/\/diariodominicano.com\/index.php?rest_route=\/wp\/v2\/posts\/40148","targetHints":{"allow":["GET"]}}],"collection":[{"href":"https:\/\/diariodominicano.com\/index.php?rest_route=\/wp\/v2\/posts"}],"about":[{"href":"https:\/\/diariodominicano.com\/index.php?rest_route=\/wp\/v2\/types\/post"}],"author":[{"embeddable":true,"href":"https:\/\/diariodominicano.com\/index.php?rest_route=\/wp\/v2\/users\/3"}],"replies":[{"embeddable":true,"href":"https:\/\/diariodominicano.com\/index.php?rest_route=%2Fwp%2Fv2%2Fcomments&post=40148"}],"version-history":[{"count":0,"href":"https:\/\/diariodominicano.com\/index.php?rest_route=\/wp\/v2\/posts\/40148\/revisions"}],"wp:attachment":[{"href":"https:\/\/diariodominicano.com\/index.php?rest_route=%2Fwp%2Fv2%2Fmedia&parent=40148"}],"wp:term":[{"taxonomy":"category","embeddable":true,"href":"https:\/\/diariodominicano.com\/index.php?rest_route=%2Fwp%2Fv2%2Fcategories&post=40148"},{"taxonomy":"post_tag","embeddable":true,"href":"https:\/\/diariodominicano.com\/index.php?rest_route=%2Fwp%2Fv2%2Ftags&post=40148"}],"curies":[{"name":"wp","href":"https:\/\/api.w.org\/{rel}","templated":true}]}}