{"id":401455,"date":"2022-12-03T19:30:12","date_gmt":"2022-12-03T23:30:12","guid":{"rendered":"http:\/\/diariodominicano.com\/?p=401455"},"modified":"2022-12-03T19:30:12","modified_gmt":"2022-12-03T23:30:12","slug":"fiscalia-de-monte-plata-obtiene-condena-de-20-anos-contra-hombre-que-mato-a-otro-de-dos-punaladas","status":"publish","type":"post","link":"https:\/\/diariodominicano.com\/?p=401455","title":{"rendered":"Fiscal\u00eda de Monte Plata obtiene condena de 20 a\u00f1os contra hombre que mat\u00f3 a otro de dos pu\u00f1aladas"},"content":{"rendered":"\n<p><\/p>\n\n\n\n<p>MONTE PLATA, Rep\u00fablica Dominicana.- Por solicitud del Ministerio P\u00fablico, el Tribunal Colegiado de este distrito judicial conden\u00f3 a 20 a\u00f1os de prisi\u00f3n a un hombre que, en medio de una discusi\u00f3n, le quit\u00f3 la vida a otro de dos pu\u00f1aladas en 2017.<\/p>\n\n\n\n<p>La procuradora fiscal Lydia Edita de los Santos prob\u00f3 ante el tribunal, presidido por la jueza Hilda Nieves S\u00e1nchez, la responsabilidad de Ralph Herbus Ailmus, alias Freguene, en el homicidio de Carlos Manuel de los Santos D\u00edas.<\/p>\n\n\n\n<p>La representante del Ministerio P\u00fablico demostr\u00f3 c\u00f3mo el hoy procesado viol\u00f3 los art\u00edculos 295 y 304 del C\u00f3digo Penal Dominicano al cometer el delito de sangre.<\/p>\n\n\n\n<p>Los hechos ocurrieron el 10 de julio de 2017, en el vertedero de desechos s\u00f3lidos del municipio Yamas\u00e1, cuando el victimario, cuchillo en manos, le advirti\u00f3 a De los Santos D\u00edas que no quemara una basura y un cobre en esa \u00e1rea. En medio de una discusi\u00f3n entre los dos hombres, Herbus Ailmus apu\u00f1al\u00f3 en el costado a De los Santos D\u00edas.<\/p>\n\n\n\n<p>Tras esta primera herida, los presentes intentaron separarlos, pero el homicida volvi\u00f3 a apu\u00f1alar a la v\u00edctima, en esa ocasi\u00f3n en el est\u00f3mago, lo que caus\u00f3 su muerte al instante.<\/p>\n\n\n\n<p>El condenado deber\u00e1 cumplir la pena en el Centro de Correcci\u00f3n y Rehabilitaci\u00f3n La Romana.<\/p>\n\n\n\n<p><strong>Direcci\u00f3n de Comunicaci\u00f3n y Prensa<\/strong><\/p>\n\n\n\n<p><strong>Procuradur\u00eda General-Ministerio P\u00fablico RD<\/strong><\/p>\n\n\n\n<p><strong>S\u00e1bado, 3 de diciembre del 2022<\/strong><\/p>\n","protected":false},"excerpt":{"rendered":"<p>MONTE PLATA, Rep\u00fablica Dominicana.- Por solicitud del Ministerio P\u00fablico, el Tribunal Colegiado de este distrito judicial conden\u00f3 a 20 a\u00f1os de prisi\u00f3n a un hombre que, en medio de una discusi\u00f3n, le quit\u00f3 la vida a otro de dos pu\u00f1aladas en 2017. La procuradora fiscal Lydia Edita de los Santos prob\u00f3 ante el tribunal, presidido [&hellip;]<\/p>\n","protected":false},"author":28,"featured_media":323498,"comment_status":"closed","ping_status":"","sticky":true,"template":"","format":"standard","meta":{"footnotes":""},"categories":[24,29,27],"tags":[],"class_list":["post-401455","post","type-post","status-publish","format-standard","has-post-thumbnail","hentry","category-justicia-y-derecho","category-policiasucesos","category-portada"],"_links":{"self":[{"href":"https:\/\/diariodominicano.com\/index.php?rest_route=\/wp\/v2\/posts\/401455","targetHints":{"allow":["GET"]}}],"collection":[{"href":"https:\/\/diariodominicano.com\/index.php?rest_route=\/wp\/v2\/posts"}],"about":[{"href":"https:\/\/diariodominicano.com\/index.php?rest_route=\/wp\/v2\/types\/post"}],"author":[{"embeddable":true,"href":"https:\/\/diariodominicano.com\/index.php?rest_route=\/wp\/v2\/users\/28"}],"replies":[{"embeddable":true,"href":"https:\/\/diariodominicano.com\/index.php?rest_route=%2Fwp%2Fv2%2Fcomments&post=401455"}],"version-history":[{"count":1,"href":"https:\/\/diariodominicano.com\/index.php?rest_route=\/wp\/v2\/posts\/401455\/revisions"}],"predecessor-version":[{"id":401456,"href":"https:\/\/diariodominicano.com\/index.php?rest_route=\/wp\/v2\/posts\/401455\/revisions\/401456"}],"wp:featuredmedia":[{"embeddable":true,"href":"https:\/\/diariodominicano.com\/index.php?rest_route=\/wp\/v2\/media\/323498"}],"wp:attachment":[{"href":"https:\/\/diariodominicano.com\/index.php?rest_route=%2Fwp%2Fv2%2Fmedia&parent=401455"}],"wp:term":[{"taxonomy":"category","embeddable":true,"href":"https:\/\/diariodominicano.com\/index.php?rest_route=%2Fwp%2Fv2%2Fcategories&post=401455"},{"taxonomy":"post_tag","embeddable":true,"href":"https:\/\/diariodominicano.com\/index.php?rest_route=%2Fwp%2Fv2%2Ftags&post=401455"}],"curies":[{"name":"wp","href":"https:\/\/api.w.org\/{rel}","templated":true}]}}