{"id":401339,"date":"2022-12-02T23:27:55","date_gmt":"2022-12-03T03:27:55","guid":{"rendered":"http:\/\/diariodominicano.com\/?p=401339"},"modified":"2022-12-02T23:27:55","modified_gmt":"2022-12-03T03:27:55","slug":"gobierno-de-espana-en-la-colonia-de-santo-domingo-conoce-sublevacion-de-enriquillo","status":"publish","type":"post","link":"https:\/\/diariodominicano.com\/?p=401339","title":{"rendered":"Gobierno de Espa\u00f1a en la colonia de Santo Domingo conoce sublevaci\u00f3n de Enriquillo"},"content":{"rendered":"\n<p>Por H\u00e9ctor Tineo Nolasco<\/p>\n\n\n\n<p>Diariodominicano.com<\/p>\n\n\n\n<p>SANTO DOMINGO, el 3 de diciembre de 1522, el Gobierno de la colonia espa\u00f1ola de Santo Domingo recibi\u00f3 la informaci\u00f3n de que el Cacique Enriquillo se sublev\u00f3 en la sierra Baoruco.<\/p>\n\n\n\n<p>&nbsp;&nbsp;&nbsp; La informaci\u00f3n se\u00f1ala que Enriquillo contaba con el apoyo de abor\u00edgenes y negros que huyeron a las monta\u00f1as de Baoruco, por los maltratos que sufr\u00edan de parte de los colonizadores.&nbsp;&nbsp; La rebeli\u00f3n de Enriquillo se hab\u00eda originado en el a\u00f1o 1519.<\/p>\n\n\n\n<p>&nbsp;&nbsp;&nbsp; A&nbsp; pesar de la violencia con que fue combatida por los espa\u00f1oles,&nbsp; se mantuvo hasta el a\u00f1o 1533, cuando lleg\u00f3 a un acuerdo con los colonizadores.<\/p>\n\n\n\n<p>&nbsp;&nbsp;&nbsp; Los&nbsp; colonizadores tambi\u00e9n enfrentaban la rebeld\u00eda de los negros provenientes de la tribu de los gelofes, quienes no resist\u00edan y enfrentaban los maltratos y humillaciones que comet\u00edan los colonizadores.<\/p>\n\n\n\n<p>&nbsp;&nbsp;&nbsp; En&nbsp; diciembre de 1522,&nbsp; los negros gelofes llevaron a cabo una rebeli\u00f3n en los ingenios del Almirante Diego Col\u00f3n y de Melchor de Castro.<\/p>\n\n\n\n<p>&nbsp;&nbsp; Los colonizadores reprimieron de inmediato el Movimiento, pero no pudieron evitar las protestas que se daban con frecuencia, as\u00ed como la huida de los trabajadores negros para escapar a la situaci\u00f3n de maltratos que aplicaban los colonizadores que se aprovechaban de su mano de obra.<\/p>\n\n\n\n<p>&nbsp;&nbsp;&nbsp; El hecho de que los colonizadores no contaran con una Polic\u00eda o un cuerpo represivo, facilit\u00f3 la resistencia de los negros y su traslado a la sierra de Baoruco.<\/p>\n\n\n\n<p>&nbsp;&nbsp;&nbsp;&nbsp; Cuando el Cacique Enriquillo, quien hab\u00eda iniciado su rebeli\u00f3n en el a\u00f1o 1519, lleg\u00f3 a un acuerdo con los colonizadores en 1533, una parte de los negros que se refugiaron en Baoruco,&nbsp; segu\u00edan&nbsp; en la zona.<\/p>\n\n\n\n<p>&nbsp;&nbsp;&nbsp; Luego del acuerdo, Enriquillo les facilit\u00f3&nbsp; \u201cindios\u201d&nbsp; a los espa\u00f1oles para que persiguieran a los negros.<\/p>\n\n\n\n<p>&nbsp; &nbsp;&nbsp;&nbsp;Hasta ese momento los antiguos esclavos negros y los&nbsp; \u201cindios\u201d constitu\u00edan un peligro para los ingenios que ten\u00edan los espa\u00f1oles en la regi\u00f3n sur, de ah\u00ed la persecuci\u00f3n implacable que desataron los due\u00f1os de ingenios.<\/p>\n\n\n\n<p><strong>De la rebeli\u00f3n de Enriquillo<\/strong><\/p>\n\n\n\n<p>Del acontecimiento la enciclopedia Wikipedia, anota&nbsp; que a pesar de estar bajo el sistema de encomiendas, en el cual los nabor\u00edas ta\u00ednos estaban sujetos a la autoridad de un patr\u00f3n espa\u00f1ol, Enriquillo tuvo un buen trato por parte de su encomendero Don&nbsp;<a href=\"http:\/\/es.wikipedia.org\/wiki\/Francisco_P%C3%A9rez_de_Valenzuela\">Francisco P\u00e9rez de Valenzuela<\/a>, este fue un trato de como un Noble Espa\u00f1ol trata a otro Noble Nativo.<\/p>\n\n\n\n<p>\u201cSeg\u00fan la leyenda, Enriquillo pose\u00eda un corcel y sab\u00eda leer y escribir el castellano. Era conocedor de sus autos, fueros o derechos como s\u00fabdito de la colonia y a\u00fan era reconocido como cacique o nita\u00edno por los otros ind\u00edgenas. Por ello, serv\u00eda de capataz para el encomendero y por este tiempo los ta\u00ednos ya eran denominados \u00abmansos\u00bb por los espa\u00f1oles pues ya no hab\u00edan rebeliones.<\/p>\n\n\n\n<p>\u201cSin embargo, cuando falleci\u00f3 el viejo encomendero, su hijo trataba a Enriquillo como una mera posesi\u00f3n. Trat\u00f3 de amedrentarlo burl\u00e1ndose de \u00e9l, trat\u00f3 a Do\u00f1a Menc\u00eda, su esposa, de forma violenta y le desposeyeron de su corcel, el cual era reconocimiento de su nobleza ta\u00edna.<\/p>\n\n\n\n<p>\u201cAl tratar de recurrir a los tribunales locales y no recibir justicia, fue azotado frente a todos los otros ta\u00ednos para dejar claro qui\u00e9n era el amo y qui\u00e9n era el esclavo. Al tratar una vez m\u00e1s de recurrir a otro tribunal de m\u00e1s alto nivel, sus solicitudes fueron denegadas y hasta se le amenaz\u00f3 de muerte.<\/p>\n\n\n\n<p>\u201cSeg\u00fan la leyenda, Enriquillo se quit\u00f3 la camisa, que representaba su vida en el mundo de los espa\u00f1oles y llev\u00e1ndose a su esposa Mencia y a otros, huy\u00f3 a las sierras que le hab\u00edan servido de tierra de recreo.<\/p>\n\n\n\n<p>\u201cEnriquillo comenz\u00f3 su alzamiento con un gran grupo de ta\u00ednos en la&nbsp;<a href=\"http:\/\/es.wikipedia.org\/wiki\/Sierra_de_Bahoruco\">Sierra de Bahoruco<\/a>&nbsp;y los ta\u00ednos pudieron continuar con la rebeli\u00f3n gracias a su conocimiento de la regi\u00f3n. Derrotaban a todas las expediciones enviadas a subyugarlos al contar los espa\u00f1oles con muy pocas fuerzas. Los espa\u00f1oles confiaban que acabar\u00edan con los ta\u00ednos tal como lo hab\u00edan hecho antes.<\/p>\n\n\n\n<p>\u201cEstas buenas nuevas no tardaron en circular por todas partes y muchos ta\u00ednos se les unieron en la Sierra de&nbsp;<a href=\"http:\/\/es.wikipedia.org\/wiki\/Bahoruco\">Bahoruco<\/a>. Les favorec\u00eda que la isla ya no era un punto clave de la colonizaci\u00f3n, pues los espa\u00f1oles estaban enfocados en la conquista de los pueblos Azteca e Inca.<\/p>\n\n\n\n<p>\u201cYa que los espa\u00f1oles no pod\u00edan controlar la rebeli\u00f3n, y la colonia era presa del p\u00e1nico, se firm\u00f3 un tratado dando a los ta\u00ednos, entre otras concesiones, el derecho a la libertad y propiedad. Sin embargo, esto trajo pocas consecuencias inmediatas, ya que para esta fecha, la poblaci\u00f3n pura ta\u00edna estaba declinando r\u00e1pidamente a causa de las enfermedades europeas. El propio Enriquillo sucumbi\u00f3 tr\u00e1gicamente a la tuberculosis a\u00f1os m\u00e1s tarde\u201d.<\/p>\n","protected":false},"excerpt":{"rendered":"<p>Por H\u00e9ctor Tineo Nolasco Diariodominicano.com SANTO DOMINGO, el 3 de diciembre de 1522, el Gobierno de la colonia espa\u00f1ola de Santo Domingo recibi\u00f3 la informaci\u00f3n de que el Cacique Enriquillo se sublev\u00f3 en la sierra Baoruco. &nbsp;&nbsp;&nbsp; La informaci\u00f3n se\u00f1ala que Enriquillo contaba con el apoyo de abor\u00edgenes y negros que huyeron a las monta\u00f1as [&hellip;]<\/p>\n","protected":false},"author":28,"featured_media":313638,"comment_status":"closed","ping_status":"","sticky":true,"template":"","format":"standard","meta":{"footnotes":""},"categories":[21,26,27],"tags":[],"class_list":["post-401339","post","type-post","status-publish","format-standard","has-post-thumbnail","hentry","category-cultura","category-efemerides","category-portada"],"_links":{"self":[{"href":"https:\/\/diariodominicano.com\/index.php?rest_route=\/wp\/v2\/posts\/401339","targetHints":{"allow":["GET"]}}],"collection":[{"href":"https:\/\/diariodominicano.com\/index.php?rest_route=\/wp\/v2\/posts"}],"about":[{"href":"https:\/\/diariodominicano.com\/index.php?rest_route=\/wp\/v2\/types\/post"}],"author":[{"embeddable":true,"href":"https:\/\/diariodominicano.com\/index.php?rest_route=\/wp\/v2\/users\/28"}],"replies":[{"embeddable":true,"href":"https:\/\/diariodominicano.com\/index.php?rest_route=%2Fwp%2Fv2%2Fcomments&post=401339"}],"version-history":[{"count":1,"href":"https:\/\/diariodominicano.com\/index.php?rest_route=\/wp\/v2\/posts\/401339\/revisions"}],"predecessor-version":[{"id":401340,"href":"https:\/\/diariodominicano.com\/index.php?rest_route=\/wp\/v2\/posts\/401339\/revisions\/401340"}],"wp:featuredmedia":[{"embeddable":true,"href":"https:\/\/diariodominicano.com\/index.php?rest_route=\/wp\/v2\/media\/313638"}],"wp:attachment":[{"href":"https:\/\/diariodominicano.com\/index.php?rest_route=%2Fwp%2Fv2%2Fmedia&parent=401339"}],"wp:term":[{"taxonomy":"category","embeddable":true,"href":"https:\/\/diariodominicano.com\/index.php?rest_route=%2Fwp%2Fv2%2Fcategories&post=401339"},{"taxonomy":"post_tag","embeddable":true,"href":"https:\/\/diariodominicano.com\/index.php?rest_route=%2Fwp%2Fv2%2Ftags&post=401339"}],"curies":[{"name":"wp","href":"https:\/\/api.w.org\/{rel}","templated":true}]}}