{"id":401331,"date":"2022-12-02T23:06:47","date_gmt":"2022-12-03T03:06:47","guid":{"rendered":"http:\/\/diariodominicano.com\/?p=401331"},"modified":"2022-12-02T23:17:50","modified_gmt":"2022-12-03T03:17:50","slug":"el-deguello-de-moca-y-otros-crimenes","status":"publish","type":"post","link":"https:\/\/diariodominicano.com\/?p=401331","title":{"rendered":"EL DEG\u00dcELLO DE MOCA Y OTROS CR\u00cdMENES"},"content":{"rendered":"\n<p> Dessalines <\/p>\n\n\n\n<p><strong>POR TE\u00d3FILO LAPPOT ROBLES<\/strong><\/p>\n\n\n\n<p>Los cr\u00edmenes perpetrados por siniestros haitianos encabezados por Jean-Jacques Dessalines en pueblos de El Cibao, en abril de1805, fueron contra el pueblo dominicano, por m\u00e1s que algunos pocos insistan en decir que para entonces no exist\u00edan los dominicanos.<\/p>\n\n\n\n<p>La poblaci\u00f3n masacrada ten\u00eda sus h\u00e1bitos y costumbres definidos y hab\u00eda una unidad espiritual que los cientistas sociales llaman ethos. Las v\u00edctimas eran criollos, con su idiosincrasia en formaci\u00f3n desde hac\u00eda d\u00e9cadas. No eran franceses ni espa\u00f1oles.<\/p>\n\n\n\n<p>El recuento hist\u00f3rico de esos desgraciados hechos no se hace con otro \u00e1nimo que no sea reflejar m\u00ednimamente los ataques feroces de que han sido v\u00edctimas los dominicanos a trav\u00e9s del tiempo, por parte de los vecinos del oeste de la isla.<\/p>\n\n\n\n<figure class=\"wp-block-image size-full\"><img loading=\"lazy\" decoding=\"async\" width=\"484\" height=\"612\" src=\"https:\/\/diariodominicano.com\/wp-content\/uploads\/2022\/12\/gettyimages-78956265-612x612-1.jpg\" alt=\"\" class=\"wp-image-401334\" srcset=\"https:\/\/diariodominicano.com\/wp-content\/uploads\/2022\/12\/gettyimages-78956265-612x612-1.jpg 484w, https:\/\/diariodominicano.com\/wp-content\/uploads\/2022\/12\/gettyimages-78956265-612x612-1-237x300.jpg 237w\" sizes=\"auto, (max-width: 484px) 100vw, 484px\" \/><figcaption> Henri Christophe  <\/figcaption><\/figure>\n\n\n\n<p>El deg\u00fcello del 3 de abril de 1805 en Moca se hizo en el recinto de una iglesia, donde se refugiaron cientos de hombres, mujeres y ni\u00f1os bajo la in\u00fatil protecci\u00f3n de fray Pedro Geraldino, a quien el siniestro Christophe enga\u00f1\u00f3.<\/p>\n\n\n\n<p>El coronel Brossard fue el responsable directo de cr\u00edmenes, saqueos e incendios en Monte Plata, San Francisco de Macor\u00eds, Cotu\u00ed y caser\u00edos colindantes.<\/p>\n\n\n\n<p>Adem\u00e1s de los m\u00faltiples asesinatos a mansalva en La Vega el coronel Antoine se llev\u00f3 de all\u00ed, como reos hacia Hait\u00ed, a casi mil habitantes. San Jos\u00e9 de Las Matas, Montecristi y otros pueblos del norte del pa\u00eds tambi\u00e9n fueron v\u00edctimas de la vesania de Dessalines y su estado mayor deshilachado.<\/p>\n\n\n\n<figure class=\"wp-block-image size-full\"><img loading=\"lazy\" decoding=\"async\" width=\"199\" height=\"253\" src=\"https:\/\/diariodominicano.com\/wp-content\/uploads\/2022\/12\/Ferrand.jpg\" alt=\"\" class=\"wp-image-401335\"\/><figcaption>Jean Louis Ferrand<\/figcaption><\/figure>\n\n\n\n<p>Algunos han pretendido vincular la barbarie de los asesinatos referidos con un Decreto emitido el 6 de enero de 1805 por el gobernador colonial franc\u00e9s general Jean-Louis Ferrand, cuyo contenido era de un potencial ataque a la entonces reci\u00e9n obtenida soberan\u00eda de Hait\u00ed.<\/p>\n\n\n\n<p>Ese alegato carece de sind\u00e9resis, por il\u00f3gico, a la luz del r\u00edo de sangre inocente desatado por Dessalines, Christophe y otros criminales cuando iban en desbandada hacia su tierra, en el lado oeste de la isla.<\/p>\n\n\n\n<p>Lo ocurrido en aquella ocasi\u00f3n puede calificarse como un crimen de lesa humanidad, en la definici\u00f3n presente de cualquier diccionario jur\u00eddico, y desde la perspectiva de una acci\u00f3n violenta contra una poblaci\u00f3n civil.<\/p>\n\n\n\n<p>Para confirmar lo anterior, y como demostraci\u00f3n de que no es una exageraci\u00f3n dominicana, basta decir que en las m\u00e1s conocidas p\u00e1ginas de la historia de Hait\u00ed aparecen estas expresiones conectadas con la masacre referida:<\/p>\n\n\n\n<p>&nbsp;\u201cAl verse frustrado en sus esperanzas y burlado por las circunstancias, Dessalines mont\u00f3 en c\u00f3lera. Su irritaci\u00f3n y su despecho no tuvieron l\u00edmites. Se enorgullec\u00eda de haber ordenado a sus subalternos que por doquier arrasaran con todo en el territorio enemigo por el que volvieran a pasar\u2026\u201d<\/p>\n\n\n\n<p>Aunque us\u00f3 cabriolas sem\u00e1nticas para explicar lo ocurrido, remont\u00e1ndose a un \u201csentimiento de venganza\u201d y colocando a Dessalines como la encarnaci\u00f3n de \u201cuna serie de v\u00edctimas mudas\u201d, finalmente el historiador haitiano Jean Price-Mars &nbsp;reconoci\u00f3 que el deg\u00fcello de Moca del 3 de abril de 1805, y otros homicidios en pueblos dominicanos por orden del susodicho Dessalines y ejecutados por Christophe y dem\u00e1s jefes haitianos en desbandada fue:<\/p>\n\n\n\n<p>\u201cUno de los episodios m\u00e1s dram\u00e1ticos y sangrientos\u2026nada falt\u00f3 a tan triste cuadro de in\u00fatiles horrores\u2026Con qu\u00e9 j\u00fabilo delirante ordenaba entonces el exterminio de los blancos y de los que consideraba tales\u2026\u201d(La Rep\u00fablica de Hait\u00ed y la Rep\u00fablica Dominicana. Tomo I. Editora Taller,2000.Pp 97,98. Jean Price-Mars).<\/p>\n\n\n\n<p>Para mejor entender la barbaridad aludida es importante acudir a la opini\u00f3n del abogado, pol\u00edtico y profesor haitiano Alfred Viau, en un ensayo que public\u00f3 mientras estaba exiliado en nuestro pa\u00eds: \u201c\u2026el prejuicio de color en Hait\u00ed es un sentimiento colectivo, opresivo, sanguinario y monstruoso.\u201d(Negros, Blancos y Mulatos. Editora Montalvo, 1955).<\/p>\n\n\n\n<p>En su historia del pueblo dominicano (s\u00e9ptima edici\u00f3n, 2008.P158), el soci\u00f3logo e historiador Franklin Franco rese\u00f1a que: \u201cEn su retirada, los ej\u00e9rcitos que regresaban por la zona Norte capitaneada por Dessalines, Crist\u00f3bal y Brossard, cometieron todo g\u00e9nero de abusos y cr\u00edmenes en Monte Plata, Cotu\u00ed, San Fco. De Macor\u00eds, La Vega, Moca y Santiago.\u201d<\/p>\n\n\n\n<p>Las cr\u00f3nicas de la ciudad de Santiago de los Caballeros registran que despu\u00e9s de cometer maldades a mansalva all\u00ed el mismo Dessalines encabez\u00f3 (era pir\u00f3mano) el incendio que destruy\u00f3 esa ciudad el 6 de abril de 1805.<\/p>\n\n\n\n<p>El 12 de abril de 1805 el mencionado Dessalines, ya en su cuartel del poblado Laville, en el norte\u00f1o distrito haitiano de Plaisance, intentaba justificar sus hechos sangrientos en El Cibao: \u201c\u2026donde no hay campo no hay ciudades.\u201d Peor &nbsp;a\u00fan aleg\u00f3 que fren\u00f3 \u201cla ventaja que el enemigo se propon\u00eda alcanzar.\u201d<\/p>\n\n\n\n<p>El tiempo demostr\u00f3 que sus acciones en nada contribuyeron a consolidar los ejes en que \u00e9l pretend\u00eda desarrollar su \u201cdictadura militar revolucionaria.\u201d Tampoco lograron impulsar principios soberanistas en Hait\u00ed, ni sentaron bases firmes en el aparato econ\u00f3mico de ese pa\u00eds, entre otras cosas.<\/p>\n\n\n\n<p>Sobre esos y otros hechos, en fecha 26 de marzo de 1849 el Congreso Nacional se expres\u00f3 as\u00ed: \u201cRecordemos sus invasiones de los&nbsp; a\u00f1os I y 5; sus devastaciones, los horrendos deg\u00fcellos de Moca\u2026la rabia de tales can\u00edbales se repiti\u00f3 en la Iglesia de Moca, Santiago y otros lugares\u2026\u201d (Guerra Dom\u00ednico-Haitiana. Impresora Dominicana, 1957.pp219, 220 y 247.Editor Emilio Rodr\u00edguez Demorizi).<\/p>\n\n\n\n<p>A pesar de ese pasado azaroso los dominicanos ayudamos a los haitianos; aunque naciones poderosas que act\u00faan como tartufos en la escena mundial (comenzando por los EE.UU.)\u00a0 pretendan lanzar lodo contra este peque\u00f1o pa\u00eds \u201ccolocado en el mismo trayecto del sol\u201d, como bien escribi\u00f3 el poeta nacional Pedro Mir.<\/p>\n\n\n\n<p>Te\u00f3filo Lappot<a rel=\"noreferrer noopener\" target=\"_blank\" href=\"mailto:teofilolappot@hotmail.com\">teofilolappot@hotmail.com<\/a><\/p>\n","protected":false},"excerpt":{"rendered":"<p>Dessalines POR TE\u00d3FILO LAPPOT ROBLES Los cr\u00edmenes perpetrados por siniestros haitianos encabezados por Jean-Jacques Dessalines en pueblos de El Cibao, en abril de1805, fueron contra el pueblo dominicano, por m\u00e1s que algunos pocos insistan en decir que para entonces no exist\u00edan los dominicanos. La poblaci\u00f3n masacrada ten\u00eda sus h\u00e1bitos y costumbres definidos y hab\u00eda una [&hellip;]<\/p>\n","protected":false},"author":28,"featured_media":395962,"comment_status":"closed","ping_status":"","sticky":true,"template":"","format":"standard","meta":{"footnotes":""},"categories":[21,36,26,27],"tags":[],"class_list":["post-401331","post","type-post","status-publish","format-standard","has-post-thumbnail","hentry","category-cultura","category-hombresmujeresycosas","category-efemerides","category-portada"],"_links":{"self":[{"href":"https:\/\/diariodominicano.com\/index.php?rest_route=\/wp\/v2\/posts\/401331","targetHints":{"allow":["GET"]}}],"collection":[{"href":"https:\/\/diariodominicano.com\/index.php?rest_route=\/wp\/v2\/posts"}],"about":[{"href":"https:\/\/diariodominicano.com\/index.php?rest_route=\/wp\/v2\/types\/post"}],"author":[{"embeddable":true,"href":"https:\/\/diariodominicano.com\/index.php?rest_route=\/wp\/v2\/users\/28"}],"replies":[{"embeddable":true,"href":"https:\/\/diariodominicano.com\/index.php?rest_route=%2Fwp%2Fv2%2Fcomments&post=401331"}],"version-history":[{"count":5,"href":"https:\/\/diariodominicano.com\/index.php?rest_route=\/wp\/v2\/posts\/401331\/revisions"}],"predecessor-version":[{"id":401338,"href":"https:\/\/diariodominicano.com\/index.php?rest_route=\/wp\/v2\/posts\/401331\/revisions\/401338"}],"wp:featuredmedia":[{"embeddable":true,"href":"https:\/\/diariodominicano.com\/index.php?rest_route=\/wp\/v2\/media\/395962"}],"wp:attachment":[{"href":"https:\/\/diariodominicano.com\/index.php?rest_route=%2Fwp%2Fv2%2Fmedia&parent=401331"}],"wp:term":[{"taxonomy":"category","embeddable":true,"href":"https:\/\/diariodominicano.com\/index.php?rest_route=%2Fwp%2Fv2%2Fcategories&post=401331"},{"taxonomy":"post_tag","embeddable":true,"href":"https:\/\/diariodominicano.com\/index.php?rest_route=%2Fwp%2Fv2%2Ftags&post=401331"}],"curies":[{"name":"wp","href":"https:\/\/api.w.org\/{rel}","templated":true}]}}