{"id":401324,"date":"2022-12-02T22:49:50","date_gmt":"2022-12-03T02:49:50","guid":{"rendered":"http:\/\/diariodominicano.com\/?p=401324"},"modified":"2022-12-02T22:49:50","modified_gmt":"2022-12-03T02:49:50","slug":"delincuencia-y-criminalidad-mayor-reto-de-gobiernos-de-america-latina","status":"publish","type":"post","link":"https:\/\/diariodominicano.com\/?p=401324","title":{"rendered":"Delincuencia y criminalidad mayor reto de gobiernos de Am\u00e9rica Latina"},"content":{"rendered":"\n<p> Hugo Fr\u00fcnling Ehrlich <\/p>\n\n\n\n<p><strong>Rep\u00fablica Dominicana encabeza los niveles m\u00e1s bajos de la regi\u00f3n<\/strong><\/p>\n\n\n\n<p>Durante un an\u00e1lisis presentado en el Seminario Internacional Seguridad, Ciudadan\u00eda y Convivencia Post COVID en Am\u00e9rica Latina se revel\u00f3 que la tasa de homicidios por cada 100 mil habitantes en Honduras alcanz\u00f3 38,6, en Colombia 26,8, en M\u00e9xico 26 y en Rep\u00fablica Dominicana 10,3, siendo este uno de los m\u00e1s bajos de la regi\u00f3n.<\/p>\n\n\n\n<p>Conforme a las estad\u00edsticas de 2021 presentadas, otros lugares con tasas alarmantes son Jamaica 49,4, Venezuela 40,9, Trinidad y Tobago 32, Belice 29, Puerto Rico 19,3, Brasil 18,5, El Salvador 17,6, Guatemala 16,6, Guyana 15,2, Ecuador 14, y Hait\u00ed 13,7.<\/p>\n\n\n\n<p>Adem\u00e1s, Panam\u00e1 12,8, Costa Rica 11,5, Uruguay 8,5, Paraguay 7,4, Nicaragua 5,7, Per\u00fa 4,3 y Chile 3,6, siendo este \u00faltimo el que registra mayor control de los cr\u00edmenes violentos.<\/p>\n\n\n\n<p>\u201cHay varias teor\u00edas para explicar los cambios que experiment\u00f3 la criminalidad en Latinoam\u00e9rica durante la pandemia del COVID 19. Una de ellas es la teor\u00eda de la frustraci\u00f3n, debido a las consecuencias sociales que pudieron activar acciones negativas: el desempleo, la situaci\u00f3n econ\u00f3mica, la desigualdad y la dificultad para relacionarse socialmente, activaron reacciones negativas y violentas\u201d, expuso el chileno Hugo Fr\u00fcnling Ehrlich, doctor en Ciencias Jur\u00eddicas de la Universidad de Harvard y profesor titular de la Facultad de Gobierno de la Universidad de Chile.<\/p>\n\n\n\n<p>Tambi\u00e9n sali\u00f3 a relucir el tema de la convivencia, cuando la exsecretaria de Interior de la Alcald\u00eda del municipio colombiano de Bucaramanga, Melissa Franco, habl\u00f3 de la experiencia en su pa\u00eds de que por el trabajo de la comunidad se logr\u00f3 superar algunos indicadores como son:&nbsp; violencia intrafamiliar y el homicidio.<\/p>\n\n\n\n<p>Resalt\u00f3 que con el tema seguridad, Colombia tiene el C\u00f3digo Nacional de Seguridad y Convivencia Ciudadana para regular el comportamiento contrario a la buena armon\u00eda social, donde todos los ciudadanos tienen derechos, pero sin transgredirlos. Este instrumento tambi\u00e9n otorga a los alcaldes autoridad administrativa en la Polic\u00eda, lo que les permite decretos y actos oficiales para trabajar en beneficio de la protecci\u00f3n ciudadana.<\/p>\n\n\n\n<p><strong>Caso Rep\u00fablica Dominicana<\/strong><\/p>\n\n\n\n<p>De su lado, el soci\u00f3logo dominicano C\u00e1ndido Mercedes, dijo que la naci\u00f3n se encuentra en un lugar privilegiado, porque si la tasa de homicidios est\u00e1 en 10,3, eso quiere decir que el promedio de la regi\u00f3n est\u00e1 ciento por ciento por encima de la Rep\u00fablica Dominicana.<\/p>\n\n\n\n<p>Vio con preocupaci\u00f3n el hecho de que muchos l\u00edderes pol\u00edticos hoy quieren sacar provecho y poner como punta de lanza el tema de la seguridad ciudadana, sin embargo, cuando les toc\u00f3 gobernar no hicieron lo que ten\u00edan que hacer.<\/p>\n\n\n\n<p>Record\u00f3 que en el 2005 se hizo el Plan de Seguridad Democr\u00e1tica, y en ese a\u00f1o la tasa de homicidios fue de 2, 443. En el 2006, baj\u00f3 a 2,100. En el 2007 volvi\u00f3 a aumentar y la tasa de homicidio lleg\u00f3 a 2,500 y 2,600.<\/p>\n\n\n\n<p>\u201cY qu\u00e9 pas\u00f3, el presidente de turno, Leonel Fern\u00e1ndez, abandon\u00f3 la pol\u00edtica, el Plan de Seguridad Democr\u00e1tica, lo abandon\u00f3 totalmente\u201d, dijo.<\/p>\n\n\n\n<p>Critic\u00f3 que sea el expresidente Fern\u00e1ndez quien est\u00e9 ofreciendo a la sociedad dominicana su gente para ayudar ante la ola de violencia, porque en su momento, cuando tuvo la oportunidad, evadi\u00f3 la responsabilidad.<\/p>\n\n\n\n<p>En cambio, resalt\u00f3 el hecho de que hasta ahora el actual presidente, Luis Abinader, ha demostrado voluntad pol\u00edtica. \u201cSi no hay voluntad pol\u00edtica, puede haber presupuesto, pero solo funciona si existe la voluntad pol\u00edtica\u201d.<\/p>\n\n\n\n<p>Finalmente, advirti\u00f3 que sin la sociedad civil no hay posibilidad de \u00e9xito de pol\u00edtica p\u00fablica de seguridad alguna, porque entiende que la sociedad civil es la generadora de confianza.<\/p>\n\n\n\n<p><strong>Freddy de Jes\u00fas Vi\u00f1as Mendoza<\/strong><\/p>\n\n\n\n<p>Aux Relaciones Publicas MIP<\/p>\n","protected":false},"excerpt":{"rendered":"<p>Hugo Fr\u00fcnling Ehrlich Rep\u00fablica Dominicana encabeza los niveles m\u00e1s bajos de la regi\u00f3n Durante un an\u00e1lisis presentado en el Seminario Internacional Seguridad, Ciudadan\u00eda y Convivencia Post COVID en Am\u00e9rica Latina se revel\u00f3 que la tasa de homicidios por cada 100 mil habitantes en Honduras alcanz\u00f3 38,6, en Colombia 26,8, en M\u00e9xico 26 y en Rep\u00fablica [&hellip;]<\/p>\n","protected":false},"author":28,"featured_media":401325,"comment_status":"closed","ping_status":"","sticky":true,"template":"","format":"standard","meta":{"footnotes":""},"categories":[20,29,27],"tags":[],"class_list":["post-401324","post","type-post","status-publish","format-standard","has-post-thumbnail","hentry","category-dominicana-hoy","category-policiasucesos","category-portada"],"_links":{"self":[{"href":"https:\/\/diariodominicano.com\/index.php?rest_route=\/wp\/v2\/posts\/401324","targetHints":{"allow":["GET"]}}],"collection":[{"href":"https:\/\/diariodominicano.com\/index.php?rest_route=\/wp\/v2\/posts"}],"about":[{"href":"https:\/\/diariodominicano.com\/index.php?rest_route=\/wp\/v2\/types\/post"}],"author":[{"embeddable":true,"href":"https:\/\/diariodominicano.com\/index.php?rest_route=\/wp\/v2\/users\/28"}],"replies":[{"embeddable":true,"href":"https:\/\/diariodominicano.com\/index.php?rest_route=%2Fwp%2Fv2%2Fcomments&post=401324"}],"version-history":[{"count":1,"href":"https:\/\/diariodominicano.com\/index.php?rest_route=\/wp\/v2\/posts\/401324\/revisions"}],"predecessor-version":[{"id":401326,"href":"https:\/\/diariodominicano.com\/index.php?rest_route=\/wp\/v2\/posts\/401324\/revisions\/401326"}],"wp:featuredmedia":[{"embeddable":true,"href":"https:\/\/diariodominicano.com\/index.php?rest_route=\/wp\/v2\/media\/401325"}],"wp:attachment":[{"href":"https:\/\/diariodominicano.com\/index.php?rest_route=%2Fwp%2Fv2%2Fmedia&parent=401324"}],"wp:term":[{"taxonomy":"category","embeddable":true,"href":"https:\/\/diariodominicano.com\/index.php?rest_route=%2Fwp%2Fv2%2Fcategories&post=401324"},{"taxonomy":"post_tag","embeddable":true,"href":"https:\/\/diariodominicano.com\/index.php?rest_route=%2Fwp%2Fv2%2Ftags&post=401324"}],"curies":[{"name":"wp","href":"https:\/\/api.w.org\/{rel}","templated":true}]}}