{"id":401232,"date":"2022-12-02T00:22:12","date_gmt":"2022-12-02T04:22:12","guid":{"rendered":"http:\/\/diariodominicano.com\/?p=401232"},"modified":"2022-12-02T09:04:05","modified_gmt":"2022-12-02T13:04:05","slug":"pn-recupera-dos-vehiculos-una-motocicleta-ocupa-arma-de-fabricacion-casera-y-objetos-sustraidos-a-sus-propietarios","status":"publish","type":"post","link":"https:\/\/diariodominicano.com\/?p=401232","title":{"rendered":"PN recupera dos veh\u00edculos, una motocicleta, ocupa arma de fabricaci\u00f3n casera y objetos sustra\u00eddos a sus propietarios"},"content":{"rendered":"\n<p>Veh\u00edculos recuperados<\/p>\n\n\n\n<figure class=\"wp-block-image size-large\"><img loading=\"lazy\" decoding=\"async\" width=\"1024\" height=\"768\" src=\"https:\/\/diariodominicano.com\/wp-content\/uploads\/2022\/12\/santiago-pistola-2022-12-02T001947.586-1024x768.png\" alt=\"\" class=\"wp-image-401234\" srcset=\"https:\/\/diariodominicano.com\/wp-content\/uploads\/2022\/12\/santiago-pistola-2022-12-02T001947.586-1024x768.png 1024w, https:\/\/diariodominicano.com\/wp-content\/uploads\/2022\/12\/santiago-pistola-2022-12-02T001947.586-300x225.png 300w, https:\/\/diariodominicano.com\/wp-content\/uploads\/2022\/12\/santiago-pistola-2022-12-02T001947.586-768x576.png 768w, https:\/\/diariodominicano.com\/wp-content\/uploads\/2022\/12\/santiago-pistola-2022-12-02T001947.586-1536x1152.png 1536w, https:\/\/diariodominicano.com\/wp-content\/uploads\/2022\/12\/santiago-pistola-2022-12-02T001947.586-816x612.png 816w, https:\/\/diariodominicano.com\/wp-content\/uploads\/2022\/12\/santiago-pistola-2022-12-02T001947.586.png 1600w\" sizes=\"auto, (max-width: 1024px) 100vw, 1024px\" \/><\/figure>\n\n\n\n<p>Santiago, 1 &nbsp;de Diciembre 2022.-, &#8211; Durante intervenciones policiales &nbsp;focalizadas en diferentes barrios y sectores de esta ciudad, con el firme prop\u00f3sito de mantener el orden p\u00fablico y hacer cumplir las leyes, es por ello que agentes policiales apresan nueve personas por diferentes hechos delictivos.<\/p>\n\n\n\n<p>Del total de personas arrestadas, 5 fueron por robos, 2 &nbsp;por porte ilegal de armas de fuego y 2 por falsificaci\u00f3n.<\/p>\n\n\n\n<p>Entre los prevenidos por robo figuran, Jos\u00e9 Manuel Payan Cerda (El Tata), Agust\u00edn Rodr\u00edguez Mart\u00ednez (El Flaco), Jos\u00e9 Ramos Tavares, Jord\u00e1n De Jes\u00fas Tavares, y Jos\u00e9 Manuel Peralta Mora.<\/p>\n\n\n\n<p>Mientras que, Agentes del Departamento de falsificaci\u00f3n, arrestaron a &nbsp;Jos\u00e9 Odalis S\u00e1nchez Ferm\u00edn, 48 a\u00f1os de edad, quien se present\u00f3 ante la Direcci\u00f3n Regional Norte (DIGESETT), a reclamar la motocicleta marca Yamaha, modelo Jog, color gris, chasis no. 3YJ-2568858, con la matricula no. 0099267, la cual se presume es falsa.<\/p>\n\n\n\n<p>Tambi\u00e9n fue apresado el &nbsp;nacional haitiano Estarlyn Nicol\u00e1s, 22 a\u00f1os de edad, a quien le fue ocupado una cedula dominicana no. 402-0390163-3, y un carnet de la Direcci\u00f3n General de Migraci\u00f3n, ambos presumiblemente falsos.<\/p>\n\n\n\n<p>En otra acci\u00f3n fue apresado Francisco Ram\u00f3n Delgado De Los Santos por habersele incautado un arma de fabricaci\u00f3n casera, cuando se desplazaba a bordo de una motocicleta, por la avenida Antonio Guzm\u00e1n Fern\u00e1ndez, pr\u00f3xima al liceo Prof. Juan Bosch del sector la Otra Banda.<\/p>\n\n\n\n<p>Entre los veh\u00edculos recuperados figura la jeepeta Toyota, modelo Ford Runner, placa G417051; el carro Kia modelo K5, color blanco, Placa no. A809237 y la motocicleta Gacela Tekken250, color rojo, chasis GCLJCNLR3J0A26858, dichos veh\u00edculos al ser depurados en nuestro sistema de c\u00f3mputos figuran con denuncias como sustra\u00eddos a sus propietarios.<\/p>\n\n\n\n<p>Los detenidos fueron enviados ante el control del Ministerio P\u00fablico para los fines legales correspondientes.<\/p>\n\n\n\n<p>OFICINA DE INFORMACI\u00d3N Y COMUNICACIONES ESTRAT\u00c9GICAS DIRECCI\u00d3N REGIONAL CIBAO CENTRAL DE LA POLIC\u00cdA NACIONAL<\/p>\n","protected":false},"excerpt":{"rendered":"<p>Veh\u00edculos recuperados Santiago, 1 &nbsp;de Diciembre 2022.-, &#8211; Durante intervenciones policiales &nbsp;focalizadas en diferentes barrios y sectores de esta ciudad, con el firme prop\u00f3sito de mantener el orden p\u00fablico y hacer cumplir las leyes, es por ello que agentes policiales apresan nueve personas por diferentes hechos delictivos. Del total de personas arrestadas, 5 fueron por [&hellip;]<\/p>\n","protected":false},"author":28,"featured_media":401233,"comment_status":"closed","ping_status":"","sticky":true,"template":"","format":"standard","meta":{"footnotes":""},"categories":[29,27],"tags":[],"class_list":["post-401232","post","type-post","status-publish","format-standard","has-post-thumbnail","hentry","category-policiasucesos","category-portada"],"_links":{"self":[{"href":"https:\/\/diariodominicano.com\/index.php?rest_route=\/wp\/v2\/posts\/401232","targetHints":{"allow":["GET"]}}],"collection":[{"href":"https:\/\/diariodominicano.com\/index.php?rest_route=\/wp\/v2\/posts"}],"about":[{"href":"https:\/\/diariodominicano.com\/index.php?rest_route=\/wp\/v2\/types\/post"}],"author":[{"embeddable":true,"href":"https:\/\/diariodominicano.com\/index.php?rest_route=\/wp\/v2\/users\/28"}],"replies":[{"embeddable":true,"href":"https:\/\/diariodominicano.com\/index.php?rest_route=%2Fwp%2Fv2%2Fcomments&post=401232"}],"version-history":[{"count":3,"href":"https:\/\/diariodominicano.com\/index.php?rest_route=\/wp\/v2\/posts\/401232\/revisions"}],"predecessor-version":[{"id":401250,"href":"https:\/\/diariodominicano.com\/index.php?rest_route=\/wp\/v2\/posts\/401232\/revisions\/401250"}],"wp:featuredmedia":[{"embeddable":true,"href":"https:\/\/diariodominicano.com\/index.php?rest_route=\/wp\/v2\/media\/401233"}],"wp:attachment":[{"href":"https:\/\/diariodominicano.com\/index.php?rest_route=%2Fwp%2Fv2%2Fmedia&parent=401232"}],"wp:term":[{"taxonomy":"category","embeddable":true,"href":"https:\/\/diariodominicano.com\/index.php?rest_route=%2Fwp%2Fv2%2Fcategories&post=401232"},{"taxonomy":"post_tag","embeddable":true,"href":"https:\/\/diariodominicano.com\/index.php?rest_route=%2Fwp%2Fv2%2Ftags&post=401232"}],"curies":[{"name":"wp","href":"https:\/\/api.w.org\/{rel}","templated":true}]}}