{"id":401050,"date":"2022-12-01T10:56:28","date_gmt":"2022-12-01T14:56:28","guid":{"rendered":"http:\/\/diariodominicano.com\/?p=401050"},"modified":"2022-12-01T10:56:28","modified_gmt":"2022-12-01T14:56:28","slug":"coronel-pn-es-recibido-en-villa-gonzalez-con-larga-caravana-de-apoyo","status":"publish","type":"post","link":"https:\/\/diariodominicano.com\/?p=401050","title":{"rendered":"Coronel PN es recibido en Villa Gonz\u00e1lez con larga caravana de apoyo"},"content":{"rendered":"\n<p><strong>&nbsp;<\/strong><strong>Video:&nbsp;<\/strong><a href=\"https:\/\/www.youtube.com\/watch?v=3dwOGADd514&amp;t=261s\" rel=\"noreferrer noopener\" target=\"_blank\">https:\/\/www.youtube.com\/watch?v=3dwOGADd514&amp;t=261s<\/a><br><strong>Por Ram\u00f3n Mercedes<\/strong><\/p>\n\n\n\n<p><strong>NUEVA YORK.-<\/strong>&nbsp;Dominicanos en esta ciudad, procedentes de la provincia de Santiago de los Caballeros, se mostraron complacidos por la empat\u00eda entre el coronel de la Polic\u00eda Nacional, Jos\u00e9 Francisco de la Cruz (Tanque de Guerra) y residentes del municipio de Villa Gonz\u00e1lez.<\/p>\n\n\n\n<p>El subdirector del Comando Regional Cibao Central acudi\u00f3 para conversar con j\u00f3venes y atletas de esa localidad que se propon\u00edan efectuar una protesta pac\u00edfica, por haber sido v\u00edctimas de maltrato policial, al disolver un denominado \u201cteteo\u201d (fiesta, baile o rumba en la calle) a principio de esta semana.<\/p>\n\n\n\n<p>Indican que el alto oficial, conocido en el pa\u00eds por enfrentar la delincuencia de manera frontal y permanente en cualquier terreno, fue recibido en Villa Gonz\u00e1lez por una larga caravana de motorista, \u00e9l montado en la cola de unos de los motores.<\/p>\n\n\n\n<p>Asimismo, recorri\u00f3 varias v\u00edas, conversando con j\u00f3venes entre el \u201cgent\u00edo\u201d, abrazos, risas, y tomarse fotos junto a m\u00faltiples de ellos.<\/p>\n\n\n\n<p>Al final el coronel expres\u00f3:&nbsp;\u201cEn Villa Gonz\u00e1lez lo que hay es amor y paz, bendiciones para ustedes, vis\u00edtennos, vis\u00edtennos. El llamado a paro en la poblaci\u00f3n qued\u00f3 sin efecto\u201d, se inform\u00f3.<\/p>\n\n\n\n<p>Entre los santiagueros en NY que afirmaron estar complacidos figuran Silverio Matos, Andr\u00e9s Castro, Juana de Mart\u00ednez, William Madera, Josefina de Contreras, Carmen Rivera, Orlando de Jes\u00fas, Hansel G\u00f3mez, Orqu\u00eddea de los Santos, Hugo Cartagena, Tom\u00e1s Mena, Alejandro Zambrano, Emilio L\u00f3pez, Vanesa Rodr\u00edguez, y Rodolfo Guzm\u00e1n, entre otros.<\/p>\n","protected":false},"excerpt":{"rendered":"<p>&nbsp;Video:&nbsp;https:\/\/www.youtube.com\/watch?v=3dwOGADd514&amp;t=261sPor Ram\u00f3n Mercedes NUEVA YORK.-&nbsp;Dominicanos en esta ciudad, procedentes de la provincia de Santiago de los Caballeros, se mostraron complacidos por la empat\u00eda entre el coronel de la Polic\u00eda Nacional, Jos\u00e9 Francisco de la Cruz (Tanque de Guerra) y residentes del municipio de Villa Gonz\u00e1lez. El subdirector del Comando Regional Cibao Central acudi\u00f3 para conversar [&hellip;]<\/p>\n","protected":false},"author":28,"featured_media":401051,"comment_status":"closed","ping_status":"","sticky":true,"template":"","format":"standard","meta":{"footnotes":""},"categories":[20,29,27],"tags":[],"class_list":["post-401050","post","type-post","status-publish","format-standard","has-post-thumbnail","hentry","category-dominicana-hoy","category-policiasucesos","category-portada"],"_links":{"self":[{"href":"https:\/\/diariodominicano.com\/index.php?rest_route=\/wp\/v2\/posts\/401050","targetHints":{"allow":["GET"]}}],"collection":[{"href":"https:\/\/diariodominicano.com\/index.php?rest_route=\/wp\/v2\/posts"}],"about":[{"href":"https:\/\/diariodominicano.com\/index.php?rest_route=\/wp\/v2\/types\/post"}],"author":[{"embeddable":true,"href":"https:\/\/diariodominicano.com\/index.php?rest_route=\/wp\/v2\/users\/28"}],"replies":[{"embeddable":true,"href":"https:\/\/diariodominicano.com\/index.php?rest_route=%2Fwp%2Fv2%2Fcomments&post=401050"}],"version-history":[{"count":1,"href":"https:\/\/diariodominicano.com\/index.php?rest_route=\/wp\/v2\/posts\/401050\/revisions"}],"predecessor-version":[{"id":401052,"href":"https:\/\/diariodominicano.com\/index.php?rest_route=\/wp\/v2\/posts\/401050\/revisions\/401052"}],"wp:featuredmedia":[{"embeddable":true,"href":"https:\/\/diariodominicano.com\/index.php?rest_route=\/wp\/v2\/media\/401051"}],"wp:attachment":[{"href":"https:\/\/diariodominicano.com\/index.php?rest_route=%2Fwp%2Fv2%2Fmedia&parent=401050"}],"wp:term":[{"taxonomy":"category","embeddable":true,"href":"https:\/\/diariodominicano.com\/index.php?rest_route=%2Fwp%2Fv2%2Fcategories&post=401050"},{"taxonomy":"post_tag","embeddable":true,"href":"https:\/\/diariodominicano.com\/index.php?rest_route=%2Fwp%2Fv2%2Ftags&post=401050"}],"curies":[{"name":"wp","href":"https:\/\/api.w.org\/{rel}","templated":true}]}}