{"id":40104,"date":"2020-01-31T20:09:26","date_gmt":"2020-01-31T20:09:26","guid":{"rendered":"http:\/\/diariodominicano.ddns.net\/?p=40104"},"modified":"2020-01-31T20:09:26","modified_gmt":"2020-01-31T20:09:26","slug":"los-18-anos-de-la-dida","status":"publish","type":"post","link":"https:\/\/diariodominicano.com\/?p=40104","title":{"rendered":"&#13;LOS 18 A\u00d1OS DE LA DIDA"},"content":{"rendered":"<p><body><\/p>\n<p>EN PRIMERA FILA.<\/p>\n<\/p>\n<p>LOS 18 A\u00d1OS DE LA DIDA<\/p>\n<p>Mario Rivadulla<\/p>\n<\/p>\n<p>La DIDA est\u00e1 de cumplea\u00f1os. El departamento de Informaci\u00f3n y Defensa de los Afiliados a la Seguridad Social, celebra hoy 18 a\u00f1os de ininterrumpida e intensa labor. Para conmemorarlo se llev\u00f3 a cabo un encuentro  matutino en  un conocido hotel de la capital, durante el cual se proyect\u00f3 un documental de referencia hist\u00f3rica, relatando de a\u00f1o en a\u00f1o, en el curso de estos dieciocho, sus  avances y logros. <\/p>\n<\/p>\n<p>Han sido dieciocho a\u00f1os de intensa labor y absoluta dedicaci\u00f3n.  Contando con un personal altamente capacitado, con completo dominio de la ley que cre\u00f3 y establece las normas que rigen el sistema y una dedicada vocaci\u00f3n de entrega, no obstante disponer de un muy limitado presupuesto, trabajando como se dice popularmente \u00aba mano pelada\u00bb, la DIDA exhibe una envidiable trayectoria de servicio.<\/p>\n<\/p>\n<p>Cientos de miles de casos atendidos durante estos dieciocho a\u00f1os: consultas, denuncias, quejas, solicitudes de asistencia legal, sobre todo en el \u00e1rea de la salud, no obstante disponer de un estrecho marco legal que limita su radio de acci\u00f3n, la DIDA muestra un envidiable r\u00e9cord de soluciones a favor de los asegurados que supera el 98 por ciento.   Y en la medici\u00f3n de los distintos \u00edndices establecidos para determinar la eficiencia de un organismo, todos oscilan entre el 95 y casi el 100 por ciento, entre estos el nivel de satisfacci\u00f3n de los asegurados.<\/p>\n<\/p>\n<p>Pero no ha sido la labor del organismo de simple consulta y gesti\u00f3n.  A sus esfuerzos y recomendaciones se deben en gran parte los avances que en el curso del tiempo se han ido incorporando al sistema como beneficios a favor de los afiliados. Entre estos, por citar solo los mas significativos, obligados por la limitaci\u00f3n del tiempo y el espacio, vale mencionar el aumento de cobertura por enfermedades catastr\u00f3ficas a un mill\u00f3n de pesos por a\u00f1o y por evento, y el de los reci\u00e9n nacidos; la ampliaci\u00f3n de la licencia pre y post-natal a favor de las parturientas; la ampliaci\u00f3n del manual de procedimientos y medicamentos as\u00ed como la cobertura de estos incrementada de 3 a 8 mil pesos anuales. <\/p>\n<\/p>\n<p>En un breve esbozo del futuro inmediato, la directora general de la DIDA, N\u00e9lsida Marmolejos, hizo resaltar entre otras modificaciones del proyecto de ley de reforma del sistema elaborado por la comisi\u00f3n bicameral presidida por el senador mocano Jos\u00e9 Rafael Vargas, reci\u00e9n aprobado en la C\u00e1mara Alta, la que concede autonom\u00eda y personalidad propia a la DIDA as\u00ed como mayores recursos lo que le permitir\u00e1 ampliar su red de valiosos servicios. <\/p>\n<\/p>\n<p>Hubo tambi\u00e9n  en la actividad entrega de reconocimientos comenzando por el Presidente del Tribunal Constitucional, Milton Ray Guevara, a quien en sus inicios correspondi\u00f3 la delicada tarea de se\u00f1alar las personas m\u00e1s adecuadas para ocupar las posiciones directrices. Seg\u00fan explic\u00f3 lo que hizo al margen de todo partidarismo pol\u00edtico, no obstante ser por entonces un destacado dirigente del PRD.  Resaltan dos de esas designaciones: la del Tesorero Henry Sadhal\u00e1 y la sindicalista N\u00e9lsida Marmolejos como Directora General, ambos en posesi\u00f3n y desempe\u00f1o de sus cargos.<\/p>\n<\/p>\n<p>En el orden personal debemos agradecer la distinci\u00f3n que se nos confiri\u00f3 al igual que a los destacados colegas comunicadores Juan Bol\u00edvar Diaz, Huchi Lora y Julio Hazim por el merecido y sostenido respaldo que hemos brindado al trabajo de la DIDA. De igual modo a las hermosas y talentosas reporteras y redactoras que cubren el \u00e1rea noticiosa de la salud por la acogida que siempre han dado a las informaciones del organismo.<\/p>\n<\/p>\n<p>Para nosotros, al igual que estoy seguro para todos ellos, es un honor la oportunidad de apoyar el trabajo de la DIDA, y como afiliados a la Seguridad Social un motivo de profundo agradecimiento por el inapreciable servicio de orientaci\u00f3n y defensa que nos brinda y del que resultamos beneficiarios.<\/p>\n<\/p>\n<\/p>\n<\/p>\n<h6> 2020-01-31 20:09:26 <\/h6>\n<p><!--\n<link rel=\"stylesheet\" href=\"css\/bootstrap.min.css\">\n\n\n<ul class=\"pagination\">\n\t    \n\t\n\n<li >\n\t<a href='?page_no=334'>Previous<\/a>\n\t<\/li>\n\n\n       \n    \n\n<li><a href='?page_no=1'>1<\/a><\/li>\n\n\n\n<li><a href='?page_no=2'>2<\/a><\/li>\n\n\n\n<li><a>...<\/a><\/li>\n\n\n\n<li><a href='?page_no=333'>333<\/a><\/li>\n\n\n\n<li><a href='?page_no=334'>334<\/a><\/li>\n\n\n\n<li class='active'><a>335<\/a><\/li>\n\n\n\n<li><a href='?page_no=336'>336<\/a><\/li>\n\n\n\n<li><a href='?page_no=337'>337<\/a><\/li>\n\n\n\n<li><a>...<\/a><\/li>\n\n\n\n<li><a href='?page_no=13611'>13611<\/a><\/li>\n\n\n\n<li><a href='?page_no=13612'>13612<\/a><\/li>\n\n    \n\t\n\n<li >\n\t<a href='?page_no=336'>Next<\/a>\n\t<\/li>\n\n\n    \n\n<li><a href='?page_no=13612'>Last &rsaquo;&rsaquo;<\/a><\/li>\n\n<\/ul>\n\n\n--><br \/>\n<\/body><\/p>\n","protected":false},"excerpt":{"rendered":"<p>EN PRIMERA FILA. LOS 18 A\u00d1OS DE LA DIDA Mario Rivadulla La DIDA est\u00e1 de cumplea\u00f1os. El departamento de Informaci\u00f3n y Defensa de los Afiliados a la Seguridad Social, celebra hoy 18 a\u00f1os de ininterrumpida e intensa labor. Para conmemorarlo se llev\u00f3 a cabo un encuentro matutino en un conocido hotel de la capital, durante [&hellip;]<\/p>\n","protected":false},"author":3,"featured_media":0,"comment_status":"open","ping_status":"open","sticky":false,"template":"","format":"standard","meta":{"footnotes":""},"categories":[16],"tags":[],"class_list":["post-40104","post","type-post","status-publish","format-standard","hentry","category-opiniones"],"_links":{"self":[{"href":"https:\/\/diariodominicano.com\/index.php?rest_route=\/wp\/v2\/posts\/40104","targetHints":{"allow":["GET"]}}],"collection":[{"href":"https:\/\/diariodominicano.com\/index.php?rest_route=\/wp\/v2\/posts"}],"about":[{"href":"https:\/\/diariodominicano.com\/index.php?rest_route=\/wp\/v2\/types\/post"}],"author":[{"embeddable":true,"href":"https:\/\/diariodominicano.com\/index.php?rest_route=\/wp\/v2\/users\/3"}],"replies":[{"embeddable":true,"href":"https:\/\/diariodominicano.com\/index.php?rest_route=%2Fwp%2Fv2%2Fcomments&post=40104"}],"version-history":[{"count":0,"href":"https:\/\/diariodominicano.com\/index.php?rest_route=\/wp\/v2\/posts\/40104\/revisions"}],"wp:attachment":[{"href":"https:\/\/diariodominicano.com\/index.php?rest_route=%2Fwp%2Fv2%2Fmedia&parent=40104"}],"wp:term":[{"taxonomy":"category","embeddable":true,"href":"https:\/\/diariodominicano.com\/index.php?rest_route=%2Fwp%2Fv2%2Fcategories&post=40104"},{"taxonomy":"post_tag","embeddable":true,"href":"https:\/\/diariodominicano.com\/index.php?rest_route=%2Fwp%2Fv2%2Ftags&post=40104"}],"curies":[{"name":"wp","href":"https:\/\/api.w.org\/{rel}","templated":true}]}}