{"id":400997,"date":"2022-12-01T00:27:10","date_gmt":"2022-12-01T04:27:10","guid":{"rendered":"http:\/\/diariodominicano.com\/?p=400997"},"modified":"2022-12-01T00:27:33","modified_gmt":"2022-12-01T04:27:33","slug":"jose-nunez-de-caceres-no-mas-dependencia-no-mas-humillacion-no-mas-sometimiento-al-capricho-y-veleidad-del-gabinete-de-madrid","status":"publish","type":"post","link":"https:\/\/diariodominicano.com\/?p=400997","title":{"rendered":"Jos\u00e9 N\u00fa\u00f1ez de C\u00e1ceres: \u201cNo m\u00e1s dependencia, no m\u00e1s humillaci\u00f3n, no m\u00e1s sometimiento al capricho y veleidad del Gabinete de Madrid\u201d"},"content":{"rendered":"\n<p>Jos\u00e9 N\u00fa\u00f1ez de C\u00e1ceres<\/p>\n\n\n\n<p><strong>Proclama el Santo Domingo Espa\u00f1ol<\/strong><\/p>\n\n\n\n<p>SANTO DOMINGO,&nbsp; el &nbsp;1 de diciembre de 1821, el licenciado Jos\u00e9 N\u00fa\u00f1ez de C\u00e1ceres hizo p\u00fablica su&nbsp; declaratoria de independencia. En sus primeras palabras proclam\u00f3 el fin de la dependencia de la colonia de Santo Domingo a Espa\u00f1a.<\/p>\n\n\n\n<p>&nbsp;&nbsp;&nbsp; \u201cNo m\u00e1s dependencia, no m\u00e1s humillaci\u00f3n, no m\u00e1s sometimiento al capricho y veleidad del Gabinete de Madrid\u201d, expres\u00f3&nbsp; y sostuvo que en esas breves \u201cy compendiosas cl\u00e1usulas est\u00e1 cifrada la firme resoluci\u00f3n que jura y proclama en este d\u00eda el pueblo dominicano. Rompi\u00f3 ya para siempre desde este momento los gastados eslabones que lo encadenaban al pesado y opresivo carromato de la Antigua Metr\u00f3poli, y reasumiendo la dignidad y energ\u00eda de un pueblo libre protesta delante del Ser Supremo, que resuelto a constituirse en un Estado Independiente no habr\u00e1 sacrificio que no inmole en el altar de la Patria para llevar a cabo la heroica empresa de figurar y ser admitido al rango y consideraci\u00f3n de los dem\u00e1s pueblos libres del mundo pol\u00edtico\u201d.<\/p>\n\n\n\n<p>&nbsp;&nbsp;&nbsp;&nbsp; Jos\u00e9 N\u00fa\u00f1ez de C\u00e1ceres proclam\u00f3 que \u201cla parte espa\u00f1ola de la Rep\u00fablica de Hait\u00ed queda desde este d\u00eda constituida en un Estado libre e independiente: que el buen pueblo dominicano ni ahora, ni en adelante, ni nunca se someter\u00e1 a las leyes y Gobierno de Espa\u00f1a, consider\u00e1ndose absuelto de toda obligaci\u00f3n de fidelidad y obediencia: que revestido de la dignidad y car\u00e1cter de naci\u00f3n soberana, tiene un pleno poder y facultades para establecer la forma de Gobierno que mejor le convenga, contraer alianzas, declarar la Guerra, concluir la paz, ajustar tratados de Comercio, y celebrar los dem\u00e1s actos, transacciones y convenios que pueden por derecho los dem\u00e1s pueblos libres e independientes\u201d.<\/p>\n\n\n\n<p>&nbsp;&nbsp;&nbsp;&nbsp; Jos\u00e9 N\u00fa\u00f1ez de C\u00e1ceres en su declaratoria de independencia el d\u00eda 1 de diciembre de 1821 dej\u00f3 claro que si Espa\u00f1a reconociera y aprobare la declaraci\u00f3n de Independencia \u201cser\u00e1 habida y reputada como amiga, pero si la impugnare o por cualquier v\u00eda y modo pretendiere estorbar nuestras instituciones y la marcha del nuevo Gobierno \u201cen que vamos a entrar, sabremos defenderlo con nuestras vidas, fortuna y honor. !Viva la Patria!, Viva la Independencia, Viva la Uni\u00f3n de Colombia\u201d.<\/p>\n\n\n\n<p>&nbsp;&nbsp;&nbsp;&nbsp; Jos\u00e9 N\u00fa\u00f1ez de C\u00e1ceres en la declaratoria de Independencia consider\u00f3 que \u201cEl ignominioso pupilaje de 328 a\u00f1os es ciertamente una lecci\u00f3n demasiado larga y costosa, que a todos desenga\u00f1a por s\u00ed sola y sin mayor esfuerzo del ninguna, fruto que se ha sacado de la fan\u00e1tica lealtad a los Reyes de Espa\u00f1a. Con este falso \u00eddolo, levantado por el error, y sostenido por una superstici\u00f3n pol\u00edtica, se hab\u00eda logrado aletargar el esp\u00edritu, y burlarse de la credulidad de un pueblo naturalmente bondadoso y sencillo\u201d.<\/p>\n\n\n\n<p>&nbsp;&nbsp;&nbsp; Resalt\u00f3 que \u201cSer fieles a Espa\u00f1a, aguantar con una paciencia est\u00fapida los desprecios de la Espa\u00f1a, no vivir, no moverse, no ser para nosotros, sino para la Espa\u00f1a, era todo y lo \u00fanico en que hac\u00edamos construir nuestra felicidad, la fama de nuestras virtudes y la recompensa de los m\u00e1s distinguidos servicios\u201d.<\/p>\n\n\n\n<p>&nbsp;&nbsp;&nbsp;&nbsp;&nbsp; El licenciado Jos\u00e9 N\u00fa\u00f1ez de C\u00e1ceres&nbsp; advirti\u00f3:<\/p>\n\n\n\n<p>&nbsp;&nbsp;&nbsp; \u201cSi hay todav\u00eda entre nosotros almas tan bajas y vendidas al servilismo, que se atrevan a contradecir estas verdades&nbsp; de experiencia, vuelvan por un instante sus fascinados ojos al espantoso Estado de ruina y desolaci\u00f3n en que yace sumida la parte espa\u00f1ola de la Primada del Nuevo Mundo\u201d.<\/p>\n\n\n\n<p>&nbsp;&nbsp;&nbsp;&nbsp; Jos\u00e9 N\u00fa\u00f1ez de C\u00e1ceres proclam\u00f3 la Independencia bajo el protectorado de la Gran Colombia, pero no logr\u00f3 el apoyo que esperaba porque el pr\u00f3cer Sim\u00f3n Bol\u00edvar no se lo ofreci\u00f3.<\/p>\n\n\n\n<p>&nbsp;&nbsp;&nbsp; En ese momento en el Santo Domingo Espa\u00f1ol hab\u00eda una parte de la poblaci\u00f3n que abogaba porque el territorio del Este se sumara a Hait\u00ed.<\/p>\n\n\n\n<p>&nbsp;&nbsp; El Movimiento era alentado por el Presidente haitiano Jean Pierre Boyer. Por ello, al no recibir el apoyo de la Gran Colombia el licenciado Jos\u00e9 N\u00fa\u00f1ez de C\u00e1ceres se vio obligado a desistir de su proyecto.<\/p>\n\n\n\n<p>&nbsp;&nbsp; Esa circunstancia posibilit\u00f3 la ocupaci\u00f3n haitiana que se inici\u00f3 en el a\u00f1o fue 1822 y termin\u00f3 el 27 de febrero de 1844, cuando fue proclamada la Rep\u00fablica Dominicana.<\/p>\n","protected":false},"excerpt":{"rendered":"<p>Jos\u00e9 N\u00fa\u00f1ez de C\u00e1ceres Proclama el Santo Domingo Espa\u00f1ol SANTO DOMINGO,&nbsp; el &nbsp;1 de diciembre de 1821, el licenciado Jos\u00e9 N\u00fa\u00f1ez de C\u00e1ceres hizo p\u00fablica su&nbsp; declaratoria de independencia. En sus primeras palabras proclam\u00f3 el fin de la dependencia de la colonia de Santo Domingo a Espa\u00f1a. &nbsp;&nbsp;&nbsp; \u201cNo m\u00e1s dependencia, no m\u00e1s humillaci\u00f3n, no [&hellip;]<\/p>\n","protected":false},"author":28,"featured_media":271443,"comment_status":"closed","ping_status":"","sticky":true,"template":"","format":"standard","meta":{"footnotes":""},"categories":[21,36,26,27],"tags":[],"class_list":["post-400997","post","type-post","status-publish","format-standard","has-post-thumbnail","hentry","category-cultura","category-hombresmujeresycosas","category-efemerides","category-portada"],"_links":{"self":[{"href":"https:\/\/diariodominicano.com\/index.php?rest_route=\/wp\/v2\/posts\/400997","targetHints":{"allow":["GET"]}}],"collection":[{"href":"https:\/\/diariodominicano.com\/index.php?rest_route=\/wp\/v2\/posts"}],"about":[{"href":"https:\/\/diariodominicano.com\/index.php?rest_route=\/wp\/v2\/types\/post"}],"author":[{"embeddable":true,"href":"https:\/\/diariodominicano.com\/index.php?rest_route=\/wp\/v2\/users\/28"}],"replies":[{"embeddable":true,"href":"https:\/\/diariodominicano.com\/index.php?rest_route=%2Fwp%2Fv2%2Fcomments&post=400997"}],"version-history":[{"count":2,"href":"https:\/\/diariodominicano.com\/index.php?rest_route=\/wp\/v2\/posts\/400997\/revisions"}],"predecessor-version":[{"id":400999,"href":"https:\/\/diariodominicano.com\/index.php?rest_route=\/wp\/v2\/posts\/400997\/revisions\/400999"}],"wp:featuredmedia":[{"embeddable":true,"href":"https:\/\/diariodominicano.com\/index.php?rest_route=\/wp\/v2\/media\/271443"}],"wp:attachment":[{"href":"https:\/\/diariodominicano.com\/index.php?rest_route=%2Fwp%2Fv2%2Fmedia&parent=400997"}],"wp:term":[{"taxonomy":"category","embeddable":true,"href":"https:\/\/diariodominicano.com\/index.php?rest_route=%2Fwp%2Fv2%2Fcategories&post=400997"},{"taxonomy":"post_tag","embeddable":true,"href":"https:\/\/diariodominicano.com\/index.php?rest_route=%2Fwp%2Fv2%2Ftags&post=400997"}],"curies":[{"name":"wp","href":"https:\/\/api.w.org\/{rel}","templated":true}]}}