{"id":400993,"date":"2022-12-01T00:20:36","date_gmt":"2022-12-01T04:20:36","guid":{"rendered":"http:\/\/diariodominicano.com\/?p=400993"},"modified":"2022-12-01T00:21:04","modified_gmt":"2022-12-01T04:21:04","slug":"pn-apresa-dos-personas-ocupa-arma-de-fuego-ilegal-y-celular-sustraido-en-santiago","status":"publish","type":"post","link":"https:\/\/diariodominicano.com\/?p=400993","title":{"rendered":"PN apresa dos personas, ocupa arma de fuego ilegal y celular sustra\u00eddo en Santiago"},"content":{"rendered":"\n<p>De las armas y drogas ocupadas en Santiago por la Polic\u00eda Nacional durante las pasadas semanas.<\/p>\n\n\n\n<p><strong>Santiago, 30 de Noviembre 2022.-<\/strong>\u00a0La Direcci\u00f3n Regional Cibao Central informa que fueron apresadas dos personas, una de ellas por porte ilegal de arma de fuego y otro en flagrante delito por despojo de pertenencia en hechos ocurridos en diferentes sectores de esta ciudad, inform\u00f3 el mi\u00e9rcoles la Polic\u00eda Nacional.<\/p>\n\n\n\n<p>En el sector La Otra Banda, apresaron a Darlin Rosario Rodr\u00edguez tras hab\u00e9rsele ocupado la pistola marca C-Z, modelo 75B, serie no. BH133, &nbsp;calibre 9 mil\u00edmetros, portada sin ning\u00fan tipo de documentos, en medio de un incidente, donde hiri\u00f3 un joven presuntamente por intento de robo en su residencia en barrio Bella Vista de esta ciudad.<\/p>\n\n\n\n<p>El detenido al ser depurado en nuestros archivos policiales, figura con un registro por homicidio de fecha 05-03-2018.<\/p>\n\n\n\n<p>Adem\u00e1s fue detenido Samuel de Jes\u00fas Bautista Marte, por el hecho de este ser sorprendido en flagrante delito en la calle 10 de Ensanche Libertad de esta ciudad, momento despu\u00e9s de haber sustra\u00eddo un celular al se\u00f1or Lorenzo Pimentel Germosen.<\/p>\n\n\n\n<p>En cuanto&nbsp;&nbsp;a los detenidos ser\u00e1n enviados&nbsp;&nbsp;a la justicia en las pr\u00f3ximas horas para los fines correspondientes de ley.<\/p>\n\n\n\n<p><strong>OFICINA DE INFORMACI\u00d3N Y COMUNICACIONES ESTRAT\u00c9GICAS DIRECCI\u00d3N REGIONAL CIBAO CENTRAL DE LA POLIC\u00cdA NACIONAL<\/strong><\/p>\n","protected":false},"excerpt":{"rendered":"<p>De las armas y drogas ocupadas en Santiago por la Polic\u00eda Nacional durante las pasadas semanas. Santiago, 30 de Noviembre 2022.-\u00a0La Direcci\u00f3n Regional Cibao Central informa que fueron apresadas dos personas, una de ellas por porte ilegal de arma de fuego y otro en flagrante delito por despojo de pertenencia en hechos ocurridos en diferentes [&hellip;]<\/p>\n","protected":false},"author":28,"featured_media":395917,"comment_status":"closed","ping_status":"","sticky":false,"template":"","format":"standard","meta":{"footnotes":""},"categories":[29],"tags":[],"class_list":["post-400993","post","type-post","status-publish","format-standard","has-post-thumbnail","hentry","category-policiasucesos"],"_links":{"self":[{"href":"https:\/\/diariodominicano.com\/index.php?rest_route=\/wp\/v2\/posts\/400993","targetHints":{"allow":["GET"]}}],"collection":[{"href":"https:\/\/diariodominicano.com\/index.php?rest_route=\/wp\/v2\/posts"}],"about":[{"href":"https:\/\/diariodominicano.com\/index.php?rest_route=\/wp\/v2\/types\/post"}],"author":[{"embeddable":true,"href":"https:\/\/diariodominicano.com\/index.php?rest_route=\/wp\/v2\/users\/28"}],"replies":[{"embeddable":true,"href":"https:\/\/diariodominicano.com\/index.php?rest_route=%2Fwp%2Fv2%2Fcomments&post=400993"}],"version-history":[{"count":3,"href":"https:\/\/diariodominicano.com\/index.php?rest_route=\/wp\/v2\/posts\/400993\/revisions"}],"predecessor-version":[{"id":400996,"href":"https:\/\/diariodominicano.com\/index.php?rest_route=\/wp\/v2\/posts\/400993\/revisions\/400996"}],"wp:featuredmedia":[{"embeddable":true,"href":"https:\/\/diariodominicano.com\/index.php?rest_route=\/wp\/v2\/media\/395917"}],"wp:attachment":[{"href":"https:\/\/diariodominicano.com\/index.php?rest_route=%2Fwp%2Fv2%2Fmedia&parent=400993"}],"wp:term":[{"taxonomy":"category","embeddable":true,"href":"https:\/\/diariodominicano.com\/index.php?rest_route=%2Fwp%2Fv2%2Fcategories&post=400993"},{"taxonomy":"post_tag","embeddable":true,"href":"https:\/\/diariodominicano.com\/index.php?rest_route=%2Fwp%2Fv2%2Ftags&post=400993"}],"curies":[{"name":"wp","href":"https:\/\/api.w.org\/{rel}","templated":true}]}}