{"id":400979,"date":"2022-12-01T00:04:59","date_gmt":"2022-12-01T04:04:59","guid":{"rendered":"http:\/\/diariodominicano.com\/?p=400979"},"modified":"2022-12-01T00:05:14","modified_gmt":"2022-12-01T04:05:14","slug":"policia-nacional-anuncia-lanzamiento-de-operativo-navidad-con-moderacion-y-responsabilidad-2022","status":"publish","type":"post","link":"https:\/\/diariodominicano.com\/?p=400979","title":{"rendered":"Polic\u00eda Nacional anuncia lanzamiento de operativo \u201cNavidad con Moderaci\u00f3n y Responsabilidad 2022\u201d"},"content":{"rendered":"\n<p>(archivo)<\/p>\n\n\n\n<p>La Direcci\u00f3n General de la Polic\u00eda Nacional anunci\u00f3 que a partir del pr\u00f3ximo lunes 5 de diciembre se iniciar\u00e1 el lanzamiento formal del operativo&nbsp;<strong>\u201cNavidad con Moderaci\u00f3n y Responsabilidad 2022\u201d,&nbsp;<\/strong>que dispondr\u00e1 el incremento significativo del patrullaje preventivo en todo el territorio nacional, con el apoyo del Ministerio de Defensa y las direcciones centrales de Investigaci\u00f3n (DICRIM) e Inteligencia (DINTEL).<\/p>\n\n\n\n<p>El acto de lanzamiento, que tendr\u00e1 lugar en el parqueo frontal del palacio de la Polic\u00eda Nacional, a las 10:00 de la ma\u00f1ana en la citada fecha, tiene como objetivo fortalecer la prevenci\u00f3n y aumentar los niveles de seguridad antes, durante y despu\u00e9s de la celebraci\u00f3n de las festividades de fin de a\u00f1o y los Santos Reyes, el 10 de enero del 2023.<\/p>\n\n\n\n<p>Para esos fines, miles de agentes policiales, respaldados con miembros de otros organismos de seguridad del Estado, se mantendr\u00e1n vigilantes para evitar cualquier tipo de incidencia que implique hechos de violencia, actos de raterismo y otros delitos, los cuales se hacen m\u00e1s recurrentes durante estas fechas festivas.<\/p>\n\n\n\n<p>La importancia del reforzamiento del patrullaje preventivo radica en el aumento del flujo de dinero, movilizaci\u00f3n y concentraci\u00f3n masiva de personas en plazas, centros comerciales, calles, avenidas, terminales del transporte de pasajeros, sobre todo en el casco urbano, polos tur\u00edsticos y en todo el territorio nacional, as\u00ed como la llegada de visitantes nacionales y extranjeros por los diferentes aeropuertos internacionales del pa\u00eds.<\/p>\n\n\n\n<p><strong>Misi\u00f3n institucional<\/strong><\/p>\n\n\n\n<p>La Direcci\u00f3n General de la Polic\u00eda Nacional dispone mediante memor\u00e1ndum No. 39718 que, a partir del lunes 5 de diciembre del 2022 hasta el martes 10 de enero del 2023, dar fiel cumplimientos a las medidas preventivas, investigaci\u00f3n y labores de inteligencia las 24 horas del d\u00eda en las principales arterias comerciales, plazas, autopistas, avenidas, carreteras, zonas tur\u00edsticas y \u00e1reas residenciales, con el fin de aumentar los niveles de seguridad existentes en todo el pa\u00eds, antes, durante y despu\u00e9s de las celebraciones de Nochebuena, A\u00f1o Nuevo y Santos Reyes.<\/p>\n\n\n\n<p>Adem\u00e1s, a trav\u00e9s de la Direcci\u00f3n General de Seguridad de Tr\u00e1nsito y Transporte Terrestre (Digesett), se prevenga la ocurrencia de accidentes de tr\u00e1nsito y mantener controlado el flujo vehicular durante el desplazamiento de ciudadanos hacia el interior del pa\u00eds, con motivo a estas festividades.<\/p>\n\n\n\n<p>De igual manera, los titulares de las distintas direcciones regionales fueron instruidos para que realicen las coordinaciones de lugar con los comandantes de brigadas, zonas navales y a\u00e9reos de las Fuerzas Armadas, a los fines de realizar operaciones conjuntas en la prevenci\u00f3n de los cr\u00edmenes y delitos durante estas festividades.\u00a0<\/p>\n\n\n\n<p>Prensa Policia Nacional<a target=\"_blank\" href=\"mailto:prensadigitalpn@gmail.com\" rel=\"noreferrer noopener\">prensadigitalpn@gmail.com<\/a><\/p>\n","protected":false},"excerpt":{"rendered":"<p>(archivo) La Direcci\u00f3n General de la Polic\u00eda Nacional anunci\u00f3 que a partir del pr\u00f3ximo lunes 5 de diciembre se iniciar\u00e1 el lanzamiento formal del operativo&nbsp;\u201cNavidad con Moderaci\u00f3n y Responsabilidad 2022\u201d,&nbsp;que dispondr\u00e1 el incremento significativo del patrullaje preventivo en todo el territorio nacional, con el apoyo del Ministerio de Defensa y las direcciones centrales de Investigaci\u00f3n [&hellip;]<\/p>\n","protected":false},"author":28,"featured_media":302466,"comment_status":"closed","ping_status":"","sticky":true,"template":"","format":"standard","meta":{"footnotes":""},"categories":[20,29,27],"tags":[],"class_list":["post-400979","post","type-post","status-publish","format-standard","has-post-thumbnail","hentry","category-dominicana-hoy","category-policiasucesos","category-portada"],"_links":{"self":[{"href":"https:\/\/diariodominicano.com\/index.php?rest_route=\/wp\/v2\/posts\/400979","targetHints":{"allow":["GET"]}}],"collection":[{"href":"https:\/\/diariodominicano.com\/index.php?rest_route=\/wp\/v2\/posts"}],"about":[{"href":"https:\/\/diariodominicano.com\/index.php?rest_route=\/wp\/v2\/types\/post"}],"author":[{"embeddable":true,"href":"https:\/\/diariodominicano.com\/index.php?rest_route=\/wp\/v2\/users\/28"}],"replies":[{"embeddable":true,"href":"https:\/\/diariodominicano.com\/index.php?rest_route=%2Fwp%2Fv2%2Fcomments&post=400979"}],"version-history":[{"count":2,"href":"https:\/\/diariodominicano.com\/index.php?rest_route=\/wp\/v2\/posts\/400979\/revisions"}],"predecessor-version":[{"id":400981,"href":"https:\/\/diariodominicano.com\/index.php?rest_route=\/wp\/v2\/posts\/400979\/revisions\/400981"}],"wp:featuredmedia":[{"embeddable":true,"href":"https:\/\/diariodominicano.com\/index.php?rest_route=\/wp\/v2\/media\/302466"}],"wp:attachment":[{"href":"https:\/\/diariodominicano.com\/index.php?rest_route=%2Fwp%2Fv2%2Fmedia&parent=400979"}],"wp:term":[{"taxonomy":"category","embeddable":true,"href":"https:\/\/diariodominicano.com\/index.php?rest_route=%2Fwp%2Fv2%2Fcategories&post=400979"},{"taxonomy":"post_tag","embeddable":true,"href":"https:\/\/diariodominicano.com\/index.php?rest_route=%2Fwp%2Fv2%2Ftags&post=400979"}],"curies":[{"name":"wp","href":"https:\/\/api.w.org\/{rel}","templated":true}]}}