{"id":400908,"date":"2022-11-30T21:44:45","date_gmt":"2022-12-01T01:44:45","guid":{"rendered":"http:\/\/diariodominicano.com\/?p=400908"},"modified":"2022-11-30T21:44:45","modified_gmt":"2022-12-01T01:44:45","slug":"fiscalia-sde-obtiene-una-condena-de-40-anos-de-prision-contra-un-hombre-que-mato-a-otro-en-un-atraco","status":"publish","type":"post","link":"https:\/\/diariodominicano.com\/?p=400908","title":{"rendered":"Fiscal\u00eda SDE obtiene una condena de 40 a\u00f1os de prisi\u00f3n contra un hombre que mat\u00f3 a otro en un atraco"},"content":{"rendered":"\n<p><\/p>\n\n\n\n<p>SANTO DOMINGO ESTE, Rep\u00fablica Dominicana. &#8211; El Ministerio P\u00fablico de Santo Domingo Este obtuvo una condena de 40 a\u00f1os de prisi\u00f3n en contra de un hombre que le quit\u00f3 la vida a otro durante un atraco en el sector Perla Antillana.<\/p>\n\n\n\n<p>El Primer Tribunal Colegiado de esta jurisdicci\u00f3n, que preside la jueza Elizabeth Rodr\u00edguez, valid\u00f3 los elementos probatorios presentados por la Fiscal\u00eda y emiti\u00f3 la sentencia en contra de Jonathan Garc\u00eda Marte, alias F\u00f3sforo, por el homicidio de Kastenst Suero, alias El Bolo.<\/p>\n\n\n\n<p>Durante el juicio, los fiscales Juan Miguel V\u00e1squez Minaya y Franklyn N. C\u00e9spedes Bautista<\/p>\n\n\n\n<p>lograron mostrar de manera irrefutable c\u00f3mo el procesado acab\u00f3 con la vida de su v\u00edctima, en violaci\u00f3n a los art\u00edculos 295, 304-11, 379, 385 y 386 del C\u00f3digo Penal sobre homicidio, y los art\u00edculos 66 y 67 de la Ley 631-16, para el Control y Regulaci\u00f3n de Armas, Municiones y Materiales Relacionados.<\/p>\n\n\n\n<p>El expediente detalla que el pasado 31 de mayo, aproximadamente a las 1:25 de la madrugada, Suero caminaba en direcci\u00f3n a una fiesta callejera que ten\u00eda lugar en el referido sector de Santo Domingo Este, cuando fue interceptado por el hoy condenado, quien lo enca\u00f1on\u00f3 con un arma de fuego y le dijo que se trataba de un atraco.<\/p>\n\n\n\n<p>La v\u00edctima trat\u00f3 de hacer resistencia, a lo que el atacante respondi\u00f3 propin\u00e1ndole un disparo a distancia intermedia.<\/p>\n\n\n\n<p>Suero muri\u00f3 a consecuencia del impacto de bala, que tuvo entrada por la parte izquierda del t\u00f3rax y salida en el lado derecho de la regi\u00f3n dorsal, seg\u00fan informe del Instituto Nacional de Ciencias Forenses (Inacif).<\/p>\n\n\n\n<p>El victimario lo despoj\u00f3 de dos celulares marca iPhone 6 y de la suma de RD$15 mil pesos en efectivo, tras lo cual abandon\u00f3 el lugar a bordo de una jeepeta marca Honda.<\/p>\n\n\n\n<p>Las c\u00e1maras de seguridad de la zona evidenciaron cuando el ahora procesado abandon\u00f3 el lugar, en compa\u00f1\u00eda de varios amigos.<\/p>\n\n\n\n<p>El an\u00e1lisis de bal\u00edstica del casquillo de un proyectil entregado de forma voluntaria a las autoridades por uno de los presentes result\u00f3 coincidir con las balas de referencia obtenidas al disparar el arma de fuego de Garc\u00eda.<\/p>\n\n\n\n<p>Jonathan Garc\u00eda Marte cumplir\u00e1 la sentencia en el centro de privaci\u00f3n de libertad La Victoria.<\/p>\n\n\n\n<p><strong>Direcci\u00f3n de Comunicaci\u00f3n y Prensa<\/strong><\/p>\n\n\n\n<p><strong>Procuradur\u00eda General-Ministerio P\u00fablico RD<\/strong><\/p>\n\n\n\n<p><strong>Mi\u00e9rcoles, 30 de noviembre del 2022<\/strong><\/p>\n","protected":false},"excerpt":{"rendered":"<p>SANTO DOMINGO ESTE, Rep\u00fablica Dominicana. &#8211; El Ministerio P\u00fablico de Santo Domingo Este obtuvo una condena de 40 a\u00f1os de prisi\u00f3n en contra de un hombre que le quit\u00f3 la vida a otro durante un atraco en el sector Perla Antillana. El Primer Tribunal Colegiado de esta jurisdicci\u00f3n, que preside la jueza Elizabeth Rodr\u00edguez, valid\u00f3 [&hellip;]<\/p>\n","protected":false},"author":28,"featured_media":368341,"comment_status":"closed","ping_status":"","sticky":true,"template":"","format":"standard","meta":{"footnotes":""},"categories":[24,29,27],"tags":[],"class_list":["post-400908","post","type-post","status-publish","format-standard","has-post-thumbnail","hentry","category-justicia-y-derecho","category-policiasucesos","category-portada"],"_links":{"self":[{"href":"https:\/\/diariodominicano.com\/index.php?rest_route=\/wp\/v2\/posts\/400908","targetHints":{"allow":["GET"]}}],"collection":[{"href":"https:\/\/diariodominicano.com\/index.php?rest_route=\/wp\/v2\/posts"}],"about":[{"href":"https:\/\/diariodominicano.com\/index.php?rest_route=\/wp\/v2\/types\/post"}],"author":[{"embeddable":true,"href":"https:\/\/diariodominicano.com\/index.php?rest_route=\/wp\/v2\/users\/28"}],"replies":[{"embeddable":true,"href":"https:\/\/diariodominicano.com\/index.php?rest_route=%2Fwp%2Fv2%2Fcomments&post=400908"}],"version-history":[{"count":1,"href":"https:\/\/diariodominicano.com\/index.php?rest_route=\/wp\/v2\/posts\/400908\/revisions"}],"predecessor-version":[{"id":400909,"href":"https:\/\/diariodominicano.com\/index.php?rest_route=\/wp\/v2\/posts\/400908\/revisions\/400909"}],"wp:featuredmedia":[{"embeddable":true,"href":"https:\/\/diariodominicano.com\/index.php?rest_route=\/wp\/v2\/media\/368341"}],"wp:attachment":[{"href":"https:\/\/diariodominicano.com\/index.php?rest_route=%2Fwp%2Fv2%2Fmedia&parent=400908"}],"wp:term":[{"taxonomy":"category","embeddable":true,"href":"https:\/\/diariodominicano.com\/index.php?rest_route=%2Fwp%2Fv2%2Fcategories&post=400908"},{"taxonomy":"post_tag","embeddable":true,"href":"https:\/\/diariodominicano.com\/index.php?rest_route=%2Fwp%2Fv2%2Ftags&post=400908"}],"curies":[{"name":"wp","href":"https:\/\/api.w.org\/{rel}","templated":true}]}}