{"id":400899,"date":"2022-11-30T21:18:08","date_gmt":"2022-12-01T01:18:08","guid":{"rendered":"http:\/\/diariodominicano.com\/?p=400899"},"modified":"2022-11-30T21:18:30","modified_gmt":"2022-12-01T01:18:30","slug":"ministerio-publico-arresta-a-wilkin-garcia-peguero-mantequilla-por-estafa-y-amenaza-de-muerte","status":"publish","type":"post","link":"https:\/\/diariodominicano.com\/?p=400899","title":{"rendered":"Ministerio P\u00fablico arresta a Wilkin Garc\u00eda Peguero (Mantequilla) por estafa y amenaza de muerte"},"content":{"rendered":"\n<p>(archivo)<\/p>\n\n\n\n<p>MONTE PLATA, Rep\u00fablica Dominicana.- El Ministerio P\u00fablico tiene bajo arresto a Wilkin Garc\u00eda Peguero (Mantequilla) bajo cargo de estafa y amenaza de muerte.<\/p>\n\n\n\n<p>La fiscal\u00eda de esta provincia recibi\u00f3 unas 25 querellas formales por estafa presentadas por ciudadanos a trav\u00e9s de abogados contra Garc\u00eda Peguero, as\u00ed como unas 10 denuncias interpuestas directamente por ciudadanos.<\/p>\n\n\n\n<p>El Ministerio P\u00fablico gestion\u00f3, el 9 de este mes, la orden de arresto contra Garc\u00eda Peguero por violaci\u00f3n los art\u00edculos 307 y 405 del C\u00f3digo Penal Dominicano.<\/p>\n\n\n\n<p>En respuesta, Carmen Daniela Araujo, juez titular de la Oficina Judicial de Servicios de Atenci\u00f3n Permanente del Distrito Judicial de Monte Plata, emiti\u00f3 la orden de arresto&nbsp; n\u00fam. 668-2022-SAJP-01389 contra el imputado.<\/p>\n\n\n\n<p>Garc\u00eda Peguero capt\u00f3 millones de pesos a trav\u00e9s de una empresa no regulada denominada 3.14 Inversiones World Wide, que oper\u00f3 en un local comercial y en una residencia del municipio Sabana Grande de Boy\u00e1, y sobre la que las autoridades financieras advirtieron a la poblaci\u00f3n de que se trataba de un negocio piramidal.<\/p>\n\n\n\n<p>El imputado fue arrestado por la Polic\u00eda Nacional en el Distrito Nacional y ser\u00e1 trasladado a Monte Plata, donde la procuradora fiscal Ramona Santana Uceta proceder\u00e1 a solicitar en las pr\u00f3ximas horas prisi\u00f3n preventiva, como medida de coerci\u00f3n en su contra.<\/p>\n\n\n\n<p><strong>Direcci\u00f3n de Comunicaci\u00f3n y Prensa<\/strong><\/p>\n\n\n\n<p><strong>Procuradur\u00eda General-Ministerio P\u00fablico RD<\/strong><\/p>\n\n\n\n<p><strong>Mi\u00e9rcoles, 30 de noviembre del 2022<\/strong><\/p>\n","protected":false},"excerpt":{"rendered":"<p>(archivo) MONTE PLATA, Rep\u00fablica Dominicana.- El Ministerio P\u00fablico tiene bajo arresto a Wilkin Garc\u00eda Peguero (Mantequilla) bajo cargo de estafa y amenaza de muerte. La fiscal\u00eda de esta provincia recibi\u00f3 unas 25 querellas formales por estafa presentadas por ciudadanos a trav\u00e9s de abogados contra Garc\u00eda Peguero, as\u00ed como unas 10 denuncias interpuestas directamente por ciudadanos. [&hellip;]<\/p>\n","protected":false},"author":28,"featured_media":391366,"comment_status":"closed","ping_status":"","sticky":true,"template":"","format":"standard","meta":{"footnotes":""},"categories":[24,29],"tags":[],"class_list":["post-400899","post","type-post","status-publish","format-standard","has-post-thumbnail","hentry","category-justicia-y-derecho","category-policiasucesos"],"_links":{"self":[{"href":"https:\/\/diariodominicano.com\/index.php?rest_route=\/wp\/v2\/posts\/400899","targetHints":{"allow":["GET"]}}],"collection":[{"href":"https:\/\/diariodominicano.com\/index.php?rest_route=\/wp\/v2\/posts"}],"about":[{"href":"https:\/\/diariodominicano.com\/index.php?rest_route=\/wp\/v2\/types\/post"}],"author":[{"embeddable":true,"href":"https:\/\/diariodominicano.com\/index.php?rest_route=\/wp\/v2\/users\/28"}],"replies":[{"embeddable":true,"href":"https:\/\/diariodominicano.com\/index.php?rest_route=%2Fwp%2Fv2%2Fcomments&post=400899"}],"version-history":[{"count":2,"href":"https:\/\/diariodominicano.com\/index.php?rest_route=\/wp\/v2\/posts\/400899\/revisions"}],"predecessor-version":[{"id":400901,"href":"https:\/\/diariodominicano.com\/index.php?rest_route=\/wp\/v2\/posts\/400899\/revisions\/400901"}],"wp:featuredmedia":[{"embeddable":true,"href":"https:\/\/diariodominicano.com\/index.php?rest_route=\/wp\/v2\/media\/391366"}],"wp:attachment":[{"href":"https:\/\/diariodominicano.com\/index.php?rest_route=%2Fwp%2Fv2%2Fmedia&parent=400899"}],"wp:term":[{"taxonomy":"category","embeddable":true,"href":"https:\/\/diariodominicano.com\/index.php?rest_route=%2Fwp%2Fv2%2Fcategories&post=400899"},{"taxonomy":"post_tag","embeddable":true,"href":"https:\/\/diariodominicano.com\/index.php?rest_route=%2Fwp%2Fv2%2Ftags&post=400899"}],"curies":[{"name":"wp","href":"https:\/\/api.w.org\/{rel}","templated":true}]}}