{"id":40082,"date":"2020-02-02T12:22:16","date_gmt":"2020-02-02T12:22:16","guid":{"rendered":"http:\/\/diariodominicano.ddns.net\/?p=40082"},"modified":"2020-02-02T12:22:16","modified_gmt":"2020-02-02T12:22:16","slug":"izquierdas-2020","status":"publish","type":"post","link":"https:\/\/diariodominicano.com\/?p=40082","title":{"rendered":"Izquierdas 2020"},"content":{"rendered":"<p><body><\/p>\n<p><strong>Izquierdas 2020<\/strong><\/p>\n<p><strong>                                                                                                                 Por Narciso Isa Conde<\/strong><\/p>\n<\/p>\n<\/p>\n<\/p>\n<p>Hay izquierdas del siglo XX que  han dejado, o van dejando de serlo, convirti\u00e9ndose en un bicho raro: \u00abizquierdas de las derechas\u00bb. Pero hay otras que procuramos reafirmarnos como tal y renovarnos, radicaliz\u00e1ndonos en el mejor sentido. Existen tambi\u00e9n nuevas izquierdas y nuevos movimientos sociales politizados que las expresan.<\/p>\n<\/p>\n<\/p>\n<p> Esto ha quedado especialmente develado en esta coyuntura electoral del 2020.<\/p>\n<\/p>\n<\/p>\n<p>Hay, adem\u00e1s, mucha izquierda sin organizaci\u00f3n, sin partidos; y muchos sectores, que en los hechos son de izquierda, aunque no se asuman como tales.<\/p>\n<\/p>\n<\/p>\n<p>La debilidad es la dispersi\u00f3n, la falta de un cauce o referente unificador con una propuesta pol\u00edtica atractiva, .movilizadora, conectada con una estrategia antiimperialista y anticapitalista, que rearme y remoce el proyecto socialista a partir de las lecciones que arroja el colapso del denominado \u00absocialismo de Estado euro-sovi\u00e9tico.<\/p>\n<\/p>\n<\/p>\n<p>La propuesta inmediata est\u00e1 en construcci\u00f3n y la llamamos Cambio Radical pro-Constituyente, Ella implica privilegiar la v\u00eda de calle, no la institucional-electoral, apuntando hacia la ruptura o colapso de esta institucionalidad. Creando, desde la conciencia de soberan\u00eda del pueblo movilizado, un Poder Constituyente capaz de desmontar el Poder Constituido y abrir una transici\u00f3n transformadora, Que desde un nuevo liderazgo colectivo y un gobierno provisional, convoque una Asamblea Constituyente conformada por  una nueva mayor\u00eda pol\u00edtico-social.<\/p>\n<\/p>\n<\/p>\n<p>A esa Constituyente le tocar\u00eda elaborar una Nueva Constituci\u00f3n, contentiva de las caracter\u00edsticas de la nueva institucionalidad, sus componentes,  normas y m\u00e9todos para conformarla; y de concretar los ejes program\u00e1ticos a tono con  los cambios estructurales a realizar. Todo esto mediado por un gran debate nacional y una libre discusi\u00f3n al interior de la Asamblea. Y entonces, sobre esas nuevas bases constitucionales, se convocar\u00edan  nuevas elecciones<\/p>\n<\/p>\n<\/p>\n<p>La fuerza de izquierda impulsora y articuladora de la nueva mayor\u00eda podr\u00eda surgir de la parte m\u00e1s calificada, consciente y organizada dentro de un gran torrente de luchas nutrido fundamentalmente por j\u00f3venes, mujeres, ambientalistas y trabajadores\/as, abrazados a la propuesta del Cambio Radical. La pienso como amalgama de memoria revolucionaria, experiencia, militancia, juventud, intelectualidad de izquierda y sujetos populares politizados.<\/p>\n<\/p>\n<\/p>\n<p>Esa nueva fuerza, antes de lograr apoyo en las urnas, deber\u00e1 lograrlo en la sociedad, protagonizando luchas y rebeld\u00edas populares que desmonten el poder constituido y posibiliten convocar la referida Asamblea un Constituyente, procurando crear nuevas normas que garanticen elecciones democr\u00e1ticas y superen el sistema excluyente y tramposo imperante por d\u00e9cadas.<\/p>\n<\/p>\n<\/p>\n<p>Las debilidades a superar no  han sido -ni son- exclusivamente electorales, menos podr\u00edan referirse solamente a decisiones propias de las izquierdas en esa vertiente, sin tener en cuenta los reg\u00edmenes pol\u00edticos impuestos y la construcci\u00f3n de la propuesta  para reemplazarlo y crear lo nuevoi,<\/p>\n<\/p>\n<\/p>\n<h6> 2020-02-02 12:22:16 <\/h6>\n<p><!--\n<link rel=\"stylesheet\" href=\"css\/bootstrap.min.css\">\n\n\n<ul class=\"pagination\">\n\t    \n\t\n\n<li >\n\t<a href='?page_no=332'>Previous<\/a>\n\t<\/li>\n\n\n       \n    \n\n<li><a href='?page_no=1'>1<\/a><\/li>\n\n\n\n<li><a href='?page_no=2'>2<\/a><\/li>\n\n\n\n<li><a>...<\/a><\/li>\n\n\n\n<li><a href='?page_no=331'>331<\/a><\/li>\n\n\n\n<li><a href='?page_no=332'>332<\/a><\/li>\n\n\n\n<li class='active'><a>333<\/a><\/li>\n\n\n\n<li><a href='?page_no=334'>334<\/a><\/li>\n\n\n\n<li><a href='?page_no=335'>335<\/a><\/li>\n\n\n\n<li><a>...<\/a><\/li>\n\n\n\n<li><a href='?page_no=13611'>13611<\/a><\/li>\n\n\n\n<li><a href='?page_no=13612'>13612<\/a><\/li>\n\n    \n\t\n\n<li >\n\t<a href='?page_no=334'>Next<\/a>\n\t<\/li>\n\n\n    \n\n<li><a href='?page_no=13612'>Last &rsaquo;&rsaquo;<\/a><\/li>\n\n<\/ul>\n\n\n--><br \/>\n<\/body><\/p>\n","protected":false},"excerpt":{"rendered":"<p>Izquierdas 2020 Por Narciso Isa Conde Hay izquierdas del siglo XX que han dejado, o van dejando de serlo, convirti\u00e9ndose en un bicho raro: \u00abizquierdas de las derechas\u00bb. Pero hay otras que procuramos reafirmarnos como tal y renovarnos, radicaliz\u00e1ndonos en el mejor sentido. Existen tambi\u00e9n nuevas izquierdas y nuevos movimientos sociales politizados que las expresan. [&hellip;]<\/p>\n","protected":false},"author":3,"featured_media":0,"comment_status":"open","ping_status":"open","sticky":false,"template":"","format":"standard","meta":{"footnotes":""},"categories":[16],"tags":[],"class_list":["post-40082","post","type-post","status-publish","format-standard","hentry","category-opiniones"],"_links":{"self":[{"href":"https:\/\/diariodominicano.com\/index.php?rest_route=\/wp\/v2\/posts\/40082","targetHints":{"allow":["GET"]}}],"collection":[{"href":"https:\/\/diariodominicano.com\/index.php?rest_route=\/wp\/v2\/posts"}],"about":[{"href":"https:\/\/diariodominicano.com\/index.php?rest_route=\/wp\/v2\/types\/post"}],"author":[{"embeddable":true,"href":"https:\/\/diariodominicano.com\/index.php?rest_route=\/wp\/v2\/users\/3"}],"replies":[{"embeddable":true,"href":"https:\/\/diariodominicano.com\/index.php?rest_route=%2Fwp%2Fv2%2Fcomments&post=40082"}],"version-history":[{"count":0,"href":"https:\/\/diariodominicano.com\/index.php?rest_route=\/wp\/v2\/posts\/40082\/revisions"}],"wp:attachment":[{"href":"https:\/\/diariodominicano.com\/index.php?rest_route=%2Fwp%2Fv2%2Fmedia&parent=40082"}],"wp:term":[{"taxonomy":"category","embeddable":true,"href":"https:\/\/diariodominicano.com\/index.php?rest_route=%2Fwp%2Fv2%2Fcategories&post=40082"},{"taxonomy":"post_tag","embeddable":true,"href":"https:\/\/diariodominicano.com\/index.php?rest_route=%2Fwp%2Fv2%2Ftags&post=40082"}],"curies":[{"name":"wp","href":"https:\/\/api.w.org\/{rel}","templated":true}]}}