{"id":400532,"date":"2022-11-28T22:13:43","date_gmt":"2022-11-29T02:13:43","guid":{"rendered":"http:\/\/diariodominicano.com\/?p=400532"},"modified":"2022-11-28T22:13:43","modified_gmt":"2022-11-29T02:13:43","slug":"condenan-a-20-anos-de-prision-a-un-hombre-que-violo-sexualmente-a-un-nino","status":"publish","type":"post","link":"https:\/\/diariodominicano.com\/?p=400532","title":{"rendered":"Condenan a 20 a\u00f1os de prisi\u00f3n a un hombre que viol\u00f3 sexualmente a un ni\u00f1o"},"content":{"rendered":"\n<p>SANTO DOMINGO ESTE, Rep\u00fablica Dominicana. &#8211; El Ministerio P\u00fablico de este Distrito Judicial obtuvo una condena de 20 a\u00f1os de prisi\u00f3n en contra de un hombre que viol\u00f3 sexualmente a un ni\u00f1o de siete a\u00f1os de edad.<\/p>\n\n\n\n<p>El Primer Tribunal Colegiado, que preside la jueza Elizabeth Rodr\u00edguez, acogi\u00f3 las pruebas presentadas por los fiscales Juan Miguel V\u00e1squez Minaya y Raquel Guzm\u00e1n de Nova y dict\u00f3 la pena en contra del procesado Gregori Odalis Calder\u00f3n Moreno.<\/p>\n\n\n\n<p>El agresor se aprovech\u00f3 del ni\u00f1o, hasta que el menor de edad le confes\u00f3 a una t\u00eda que Calder\u00f3n Moreno tocaba sus partes \u00edntimas. El hecho ocurri\u00f3 en el sector de Sabana Perdida.<\/p>\n\n\n\n<p>La acusaci\u00f3n establece que luego de que los familiares del infante denunciar\u00e1n al agresor, con la finalidad de corroborar los hechos, el Ministerio P\u00fablico, le realiz\u00f3 al menor examen psicol\u00f3gico y evaluaci\u00f3n m\u00e9dica legal.<\/p>\n\n\n\n<p>Durante el juicio el fiscal litigante V\u00e1squez Minaya demostr\u00f3 que el hoy condenado falt\u00f3 a los art\u00edculos 332-1 y 332-2 del C\u00f3digo Penal Dominicano, modificado por la Ley 24-97, y los art\u00edculos 12, 13,14, 18 y 396 de la Ley 136-03 tipificado como incesto en perjuicio del menor.<\/p>\n\n\n\n<p>Por disposici\u00f3n del tribunal, el procesado cumplir\u00e1 la sentencia en el Centro de Correcci\u00f3n y Rehabilitaci\u00f3n de Monte Plata.<\/p>\n\n\n\n<p><strong>Direcci\u00f3n de Comunicaci\u00f3n y Prensa<\/strong><\/p>\n\n\n\n<p><strong>Procuradur\u00eda General-Ministerio P\u00fablico RD<\/strong><\/p>\n\n\n\n<p><strong>Lunes, 28 de noviembre del 2022<\/strong><\/p>\n","protected":false},"excerpt":{"rendered":"<p>SANTO DOMINGO ESTE, Rep\u00fablica Dominicana. &#8211; El Ministerio P\u00fablico de este Distrito Judicial obtuvo una condena de 20 a\u00f1os de prisi\u00f3n en contra de un hombre que viol\u00f3 sexualmente a un ni\u00f1o de siete a\u00f1os de edad. El Primer Tribunal Colegiado, que preside la jueza Elizabeth Rodr\u00edguez, acogi\u00f3 las pruebas presentadas por los fiscales Juan [&hellip;]<\/p>\n","protected":false},"author":28,"featured_media":265615,"comment_status":"closed","ping_status":"","sticky":true,"template":"","format":"standard","meta":{"footnotes":""},"categories":[24,29,27],"tags":[],"class_list":["post-400532","post","type-post","status-publish","format-standard","has-post-thumbnail","hentry","category-justicia-y-derecho","category-policiasucesos","category-portada"],"_links":{"self":[{"href":"https:\/\/diariodominicano.com\/index.php?rest_route=\/wp\/v2\/posts\/400532","targetHints":{"allow":["GET"]}}],"collection":[{"href":"https:\/\/diariodominicano.com\/index.php?rest_route=\/wp\/v2\/posts"}],"about":[{"href":"https:\/\/diariodominicano.com\/index.php?rest_route=\/wp\/v2\/types\/post"}],"author":[{"embeddable":true,"href":"https:\/\/diariodominicano.com\/index.php?rest_route=\/wp\/v2\/users\/28"}],"replies":[{"embeddable":true,"href":"https:\/\/diariodominicano.com\/index.php?rest_route=%2Fwp%2Fv2%2Fcomments&post=400532"}],"version-history":[{"count":1,"href":"https:\/\/diariodominicano.com\/index.php?rest_route=\/wp\/v2\/posts\/400532\/revisions"}],"predecessor-version":[{"id":400535,"href":"https:\/\/diariodominicano.com\/index.php?rest_route=\/wp\/v2\/posts\/400532\/revisions\/400535"}],"wp:featuredmedia":[{"embeddable":true,"href":"https:\/\/diariodominicano.com\/index.php?rest_route=\/wp\/v2\/media\/265615"}],"wp:attachment":[{"href":"https:\/\/diariodominicano.com\/index.php?rest_route=%2Fwp%2Fv2%2Fmedia&parent=400532"}],"wp:term":[{"taxonomy":"category","embeddable":true,"href":"https:\/\/diariodominicano.com\/index.php?rest_route=%2Fwp%2Fv2%2Fcategories&post=400532"},{"taxonomy":"post_tag","embeddable":true,"href":"https:\/\/diariodominicano.com\/index.php?rest_route=%2Fwp%2Fv2%2Ftags&post=400532"}],"curies":[{"name":"wp","href":"https:\/\/api.w.org\/{rel}","templated":true}]}}