{"id":400422,"date":"2022-11-28T00:21:53","date_gmt":"2022-11-28T04:21:53","guid":{"rendered":"http:\/\/diariodominicano.com\/?p=400422"},"modified":"2022-11-28T00:24:13","modified_gmt":"2022-11-28T04:24:13","slug":"presidente-balaguer-promulga-la-constitucion-de-1966-2","status":"publish","type":"post","link":"https:\/\/diariodominicano.com\/?p=400422","title":{"rendered":"Presidente Balaguer promulga la Constituci\u00f3n de 1966"},"content":{"rendered":"\n<p>El presidente Joaqu\u00edn Balaguer acompa\u00f1ado del vicepresidente Francisco Augusto Lora.<\/p>\n\n\n\n<p>Por HTN<\/p>\n\n\n\n<p>Diariodominicano.com<\/p>\n\n\n\n<p><\/p>\n\n\n\n<p>SANTO DOMINGO, &nbsp;el 28 de noviembre de 1966, entr\u00f3 en vigencia la reforma constitucional que aprob\u00f3 la Asamblea Revisora.<\/p>\n\n\n\n<p>&nbsp;&nbsp;&nbsp; La nueva &nbsp;Constituci\u00f3n sustituy\u00f3 la del&nbsp; 9 de agosto de 1965. Fue promovida por el Presidente Joaqu\u00edn Balaguer, l\u00edder del Partido Reformista (PR). A partir de 1986 su colectividad pol\u00edtica pas\u00f3 a ser Partido Reformista Social Cristiano, al unirse al Partido Revolucionario Social Cristiano.<\/p>\n\n\n\n<p>&nbsp;&nbsp;&nbsp; Entre las reformas se elimin\u00f3 el principio de la no reelecci\u00f3n presidencial, lo que le permitir\u00eda al Presidente Balaguer reelegirse en el a\u00f1o 1970 y 1974.<\/p>\n\n\n\n<p>En 1978 tambi\u00e9n se present\u00f3 como candidato a la reelecci\u00f3n, pero fue derrotado por el Partido Revolucionario Dominicano y aliados con su candidato presidencial Antonio Guzm\u00e1n Fern\u00e1ndez.<\/p>\n","protected":false},"excerpt":{"rendered":"<p>El presidente Joaqu\u00edn Balaguer acompa\u00f1ado del vicepresidente Francisco Augusto Lora. Por HTN Diariodominicano.com SANTO DOMINGO, &nbsp;el 28 de noviembre de 1966, entr\u00f3 en vigencia la reforma constitucional que aprob\u00f3 la Asamblea Revisora. &nbsp;&nbsp;&nbsp; La nueva &nbsp;Constituci\u00f3n sustituy\u00f3 la del&nbsp; 9 de agosto de 1965. Fue promovida por el Presidente Joaqu\u00edn Balaguer, l\u00edder del Partido Reformista [&hellip;]<\/p>\n","protected":false},"author":28,"featured_media":378917,"comment_status":"closed","ping_status":"","sticky":true,"template":"","format":"standard","meta":{"footnotes":""},"categories":[26,27],"tags":[],"class_list":["post-400422","post","type-post","status-publish","format-standard","has-post-thumbnail","hentry","category-efemerides","category-portada"],"_links":{"self":[{"href":"https:\/\/diariodominicano.com\/index.php?rest_route=\/wp\/v2\/posts\/400422","targetHints":{"allow":["GET"]}}],"collection":[{"href":"https:\/\/diariodominicano.com\/index.php?rest_route=\/wp\/v2\/posts"}],"about":[{"href":"https:\/\/diariodominicano.com\/index.php?rest_route=\/wp\/v2\/types\/post"}],"author":[{"embeddable":true,"href":"https:\/\/diariodominicano.com\/index.php?rest_route=\/wp\/v2\/users\/28"}],"replies":[{"embeddable":true,"href":"https:\/\/diariodominicano.com\/index.php?rest_route=%2Fwp%2Fv2%2Fcomments&post=400422"}],"version-history":[{"count":3,"href":"https:\/\/diariodominicano.com\/index.php?rest_route=\/wp\/v2\/posts\/400422\/revisions"}],"predecessor-version":[{"id":400425,"href":"https:\/\/diariodominicano.com\/index.php?rest_route=\/wp\/v2\/posts\/400422\/revisions\/400425"}],"wp:featuredmedia":[{"embeddable":true,"href":"https:\/\/diariodominicano.com\/index.php?rest_route=\/wp\/v2\/media\/378917"}],"wp:attachment":[{"href":"https:\/\/diariodominicano.com\/index.php?rest_route=%2Fwp%2Fv2%2Fmedia&parent=400422"}],"wp:term":[{"taxonomy":"category","embeddable":true,"href":"https:\/\/diariodominicano.com\/index.php?rest_route=%2Fwp%2Fv2%2Fcategories&post=400422"},{"taxonomy":"post_tag","embeddable":true,"href":"https:\/\/diariodominicano.com\/index.php?rest_route=%2Fwp%2Fv2%2Ftags&post=400422"}],"curies":[{"name":"wp","href":"https:\/\/api.w.org\/{rel}","templated":true}]}}