{"id":40037,"date":"2020-02-03T21:16:28","date_gmt":"2020-02-03T21:16:28","guid":{"rendered":"http:\/\/diariodominicano.ddns.net\/?p=40037"},"modified":"2020-02-03T21:16:28","modified_gmt":"2020-02-03T21:16:28","slug":"superara-latinoamerica-sus-ancestrales-desigualdades","status":"publish","type":"post","link":"https:\/\/diariodominicano.com\/?p=40037","title":{"rendered":"\u00bfSuperar\u00e1 Latinoam\u00e9rica sus ancestrales desigualdades?"},"content":{"rendered":"<p><body><\/p>\n<p><strong>\u00bfSuperar\u00e1 Latinoam\u00e9rica sus ancestrales desigualdades?<\/strong><\/p>\n<p><strong>Manuel D\u00edaz Aponte<\/strong><\/p>\n<\/p>\n<p>Los dos primeros meses del 2020 diversos acontecimientos proyectan una agudizaci\u00f3n pol\u00edtica en Latinoam\u00e9rica y los desplazamientos migratorios hacia Estados Unidos.<\/p>\n<\/p>\n<p>Fen\u00f3menos atmosf\u00e9ricos y tel\u00faricos impactaron sobre Puerto Rico y todav\u00eda sus habitantes esperan la ayuda federal anunciada por el gobierno de Donald Trump.  <\/p>\n<\/p>\n<p>En Centroam\u00e9rica, espec\u00edficamente en Honduras y<\/p>\n<p>Guatemala, siguen prepar\u00e1ndose las caravanas de ilegales que sue\u00f1an cruzar las fronteras tratando de ingresar al territorio estadounidense.  <\/p>\n<\/p>\n<p>Algunos las denominan \u00abcaravanas de la muerte\u00bb porque frecuentemente dejan saldos tr\u00e1gicos.<\/p>\n<\/p>\n<p>Ahora M\u00e9xico ha endurecido la seguridad fronteriza con sus vecinos centroamericanos procediendo a devolver a miles de guatemaltecos, salvadore\u00f1os y hondure\u00f1os a sus respectivos pa\u00edses.<\/p>\n<\/p>\n<p>El verano, oto\u00f1o e invierno del 2019 tres estaciones que dejaron en Am\u00e9rica Latina variadas temperaturas y terribles acontecimientos desde voraces incendios, sismos, inundaciones, crisis pol\u00edticas y protestas sociales  exigiendo el cese de la corrupci\u00f3n y las desigualdades sociales.<\/p>\n<\/p>\n<p>La gente est\u00e1 cada vez m\u00e1s consciente del peso negativo que ejerce la corrupci\u00f3n administrativa del Estado en los bolsillos de los n\u00facleos empobrecidos.<\/p>\n<\/p>\n<p>Pese a ello, los organismos financieros internacionales lucen t\u00edmidos para \u00abpresionar\u00bb a los gobiernos que dilapidan los recursos p\u00fablicos afectando sensiblemente las inversiones en obras sociales.<\/p>\n<\/p>\n<p>Millones de d\u00f3lares prevenientes de cr\u00e9ditos financieros van a parar a los bolsillos de funcionarios inescrupulosos que solo buscan enriquecerse desde el poder aunque aumenten la pobreza y miseria de sus conciudadanos.<\/p>\n<\/p>\n<p>Ante un panorama de incertidumbre la \u00fanica \u00absalida\u00bb de los pobres latinoamericanos es intentar ingresar a EE.UU.  <\/p>\n<\/p>\n<p>Mayores Controles y Sanciones<\/p>\n<\/p>\n<p>Hay consenso de que la \u00fanica manera de parar la vor\u00e1gine de la corrupci\u00f3n en Latinoam\u00e9rica es introduciendo mecanismos de controles severos y dr\u00e1sticas sanciones hacia los gobernantes que cargan con el dinero de los contribuyentes.<\/p>\n<\/p>\n<p>Seg\u00fan la CEPAL, en 2017 la tasa general de la pobreza en la regi\u00f3n fue de 30,2% y la pobreza extrema creci\u00f3 10,2%. Bolivia, Brasil y Ecuador encabezan la lista del aumento de la pobreza extrema.      <\/p>\n<\/p>\n<p>El 42 por ciento de los empleados en Am\u00e9rica Latina devenga un ingreso inferior al sueldo m\u00ednimo en sus respectivos pa\u00edses.    <\/p>\n<\/p>\n<p>Entre 2014-2019 la econom\u00eda Latinoamericana present\u00f3 serias adversidades destac\u00e1ndose ca\u00edda del Producto Interno Bruto; retroceso de la inversi\u00f3n, descenso del PIB per c\u00e1pita, aumento de la tasa de desempleo y deterioro de la calidad de vida.      <\/p>\n<\/p>\n<p>Para este 2020, el crecimiento econ\u00f3mico de Am\u00e9rica Latina podr\u00eda situarse apenas en 1,3%.   <\/p>\n<\/p>\n<p>El despertar Latinoamericano en pa\u00edses como Chile, Puerto Rico, Colombia, Ecuador, Brasil, Venezuela, Argentina, Bolivia, Nicaragua, Hait\u00ed y Rep\u00fablica Dominicana es se\u00f1al de que los ciudadanos no aguantan m\u00e1s las injusticias y el desfalco de  bienes p\u00fablicos.<\/p>\n<\/p>\n<p>Los ecuatorianos estremecieron las calles de su capital, Quito,  y tambi\u00e9n en Guayaquil exigiendo al gobierno de Lenin Moreno, reformas sociales urgentes y dejar sin efectos el recetario impuesto por el Fondo Monetario Internacional (FMI).<\/p>\n<\/p>\n<p>En octubre el nivel de protestas se agudiz\u00f3 ante las demandas de reducci\u00f3n del alto costo de la vida, la adopci\u00f3n de nuevas pol\u00edticas para frenar los femicidios y por la igualdad de g\u00e9nero y contra el alza de los combustibles.<\/p>\n<\/p>\n<p>Hubo 23 muertos, m\u00e1s de dos mil heridos y centenares de apresamientos en las protestas que provocaron destrucciones de instalaciones p\u00fablicas y privadas, seg\u00fan contabiliz\u00f3 la Fiscal\u00eda de Chile.<\/p>\n<\/p>\n<p>Los chilenos sorprendieron al mundo con dram\u00e1ticas manifestaciones que exig\u00edan la renuncia del presidente Sebasti\u00e1n Pi\u00f1era y el cambio de pol\u00edticas sociales.<\/p>\n<\/p>\n<p>Tras un mes de destrozos, enfrentamientos de j\u00f3venes con los carabineros, paralizaciones y suspensiones de las principales actividades p\u00fablicas, las autoridades optaron por introducir nuevas compensaciones como aumentos salariales, facilidades a los gremios, reducciones de las tarifas del transporte y de los precios de combustibles.<\/p>\n<\/p>\n<p>Actualmente el congreso chileno trabaja en un proyecto de modificaci\u00f3n constitucional promovido por el Poder Ejecutivo, para introducir entre otras cosas reformas sociales para los empobrecidos.<\/p>\n<\/p>\n<p>La Isla del Encanto <\/p>\n<\/p>\n<p>Las cacerolas y los movimientos de protestas de miles de puertorrique\u00f1os diseminados por las calles de la capital, San Juan, obligaron al gobernador Ricardo Rossell\u00f3 a renunciar al cargo el 25 de julio con efectividad el dos de agosto. El detonante fue la rampante corrupci\u00f3n del gobierno que presidi\u00f3.<\/p>\n<\/p>\n<p>Puerto Rico ha sido afectado sensiblemente por sucesivos terremotos y fuertes temporales de lluvias que provocaron inundaciones y destrucciones de varias comunidades, dejando miles de muertos y heridos as\u00ed como p\u00e9rdidas materiales de millones de d\u00f3lares.<\/p>\n<\/p>\n<p>El hurac\u00e1n \u00abMar\u00eda\u00bb registrado en septiembre del 2017 pr\u00e1cticamente devast\u00f3 la isla y todav\u00eda es la fecha en que sus principales infraestructuras no han sido reparadas, como el caso del servicio el\u00e9ctrico. Se estima que tres mil personas murieron por ese fen\u00f3meno de la naturaleza.<\/p>\n<\/p>\n<p>El 7 de enero del presente a\u00f1o un terremoto de 5,9 produjo severos da\u00f1os a viviendas y edificios en la zona sur de Puerto Rico y el gobierno de Donald Trump dispuso la ayuda federal aunque hay quejas por la lentitud y volumen de la misma.<\/p>\n<\/p>\n<p>Miles de familias desplazadas y damnificadas siguen instaladas en carpas y refugios en comunidades puertorrique\u00f1as.       <\/p>\n<\/p>\n<p>Otras naciones suramericanas como Venezuela, Colombia, Bolivia, Argentina y Brasil igualmente se sumaron a las masivas protestas sociales en demandas del cese de la corrupci\u00f3n, el alto costo de la vida y el deterioro de los principales servicios p\u00fablicos.<\/p>\n<\/p>\n<p>El premio nobel de Econom\u00eda, Joseph Stiglitz, un cient\u00edfico de la Universidad de Columbia, Nueva York, al referirse a las protestas en Latinoam\u00e9rica sostiene que:\u00bbLa sorpresa fue que el malestar tardara tanto en manifestarse\u00bb.                        <\/p>\n<\/p>\n<p>Incendios Forestales<\/p>\n<\/p>\n<p>La regi\u00f3n de la Amazona sufri\u00f3 serios da\u00f1os tras varios incendios que arrasaron millones de hect\u00e1reas de bosques y mataron miles de animales silvestres en los litorales de Brasil, Bolivia y Colombia.<\/p>\n<\/p>\n<p>Se estima que un mill\u00f3n 800 mil hect\u00e1reas incluyendo bosques end\u00e9micos ardieron en las praderas bolivianas.<\/p>\n<\/p>\n<p>Brasil perdi\u00f3 89 millones de hect\u00e1reas de bosque en los \u00faltimos 33 a\u00f1os, seg\u00fan datos del sistema MapBiomas, iniciativa sobre el Observatorio del Clima que monitorea esa naci\u00f3n suramericana. S\u00f3lo en agosto del 2019, un incendio arras\u00f3 con 2,5 millones de hect\u00e1reas.         <\/p>\n<\/p>\n<p>En la mayor\u00eda de los casos son provocados por los depredadores de la naturaleza que acumulan riquezas a costa de la destrucci\u00f3n del medio ambiente.<\/p>\n<\/p>\n<\/p>\n<p>Art\u00edculo de Manuel D\u00edaz Aponte<\/p>\n<\/p>\n<p>&#8230;<\/p>\n<h6> 2020-02-03 21:16:28 <\/h6>\n<p><!--\n<link rel=\"stylesheet\" href=\"css\/bootstrap.min.css\">\n\n\n<ul class=\"pagination\">\n\t    \n\t\n\n<li >\n\t<a href='?page_no=328'>Previous<\/a>\n\t<\/li>\n\n\n       \n    \n\n<li><a href='?page_no=1'>1<\/a><\/li>\n\n\n\n<li><a href='?page_no=2'>2<\/a><\/li>\n\n\n\n<li><a>...<\/a><\/li>\n\n\n\n<li><a href='?page_no=327'>327<\/a><\/li>\n\n\n\n<li><a href='?page_no=328'>328<\/a><\/li>\n\n\n\n<li class='active'><a>329<\/a><\/li>\n\n\n\n<li><a href='?page_no=330'>330<\/a><\/li>\n\n\n\n<li><a href='?page_no=331'>331<\/a><\/li>\n\n\n\n<li><a>...<\/a><\/li>\n\n\n\n<li><a href='?page_no=13611'>13611<\/a><\/li>\n\n\n\n<li><a href='?page_no=13612'>13612<\/a><\/li>\n\n    \n\t\n\n<li >\n\t<a href='?page_no=330'>Next<\/a>\n\t<\/li>\n\n\n    \n\n<li><a href='?page_no=13612'>Last &rsaquo;&rsaquo;<\/a><\/li>\n\n<\/ul>\n\n\n--><br \/>\n<\/body><\/p>\n","protected":false},"excerpt":{"rendered":"<p>\u00bfSuperar\u00e1 Latinoam\u00e9rica sus ancestrales desigualdades? Manuel D\u00edaz Aponte Los dos primeros meses del 2020 diversos acontecimientos proyectan una agudizaci\u00f3n pol\u00edtica en Latinoam\u00e9rica y los desplazamientos migratorios hacia Estados Unidos. Fen\u00f3menos atmosf\u00e9ricos y tel\u00faricos impactaron sobre Puerto Rico y todav\u00eda sus habitantes esperan la ayuda federal anunciada por el gobierno de Donald Trump. En Centroam\u00e9rica, espec\u00edficamente [&hellip;]<\/p>\n","protected":false},"author":3,"featured_media":0,"comment_status":"open","ping_status":"open","sticky":false,"template":"","format":"standard","meta":{"footnotes":""},"categories":[16],"tags":[],"class_list":["post-40037","post","type-post","status-publish","format-standard","hentry","category-opiniones"],"_links":{"self":[{"href":"https:\/\/diariodominicano.com\/index.php?rest_route=\/wp\/v2\/posts\/40037","targetHints":{"allow":["GET"]}}],"collection":[{"href":"https:\/\/diariodominicano.com\/index.php?rest_route=\/wp\/v2\/posts"}],"about":[{"href":"https:\/\/diariodominicano.com\/index.php?rest_route=\/wp\/v2\/types\/post"}],"author":[{"embeddable":true,"href":"https:\/\/diariodominicano.com\/index.php?rest_route=\/wp\/v2\/users\/3"}],"replies":[{"embeddable":true,"href":"https:\/\/diariodominicano.com\/index.php?rest_route=%2Fwp%2Fv2%2Fcomments&post=40037"}],"version-history":[{"count":0,"href":"https:\/\/diariodominicano.com\/index.php?rest_route=\/wp\/v2\/posts\/40037\/revisions"}],"wp:attachment":[{"href":"https:\/\/diariodominicano.com\/index.php?rest_route=%2Fwp%2Fv2%2Fmedia&parent=40037"}],"wp:term":[{"taxonomy":"category","embeddable":true,"href":"https:\/\/diariodominicano.com\/index.php?rest_route=%2Fwp%2Fv2%2Fcategories&post=40037"},{"taxonomy":"post_tag","embeddable":true,"href":"https:\/\/diariodominicano.com\/index.php?rest_route=%2Fwp%2Fv2%2Ftags&post=40037"}],"curies":[{"name":"wp","href":"https:\/\/api.w.org\/{rel}","templated":true}]}}