{"id":400310,"date":"2022-11-27T20:51:02","date_gmt":"2022-11-28T00:51:02","guid":{"rendered":"http:\/\/diariodominicano.com\/?p=400310"},"modified":"2022-11-27T20:51:02","modified_gmt":"2022-11-28T00:51:02","slug":"ocupan-equipos-de-sonido-y-hookahs-en-operativo-contra-la-contaminacion-sonica-en-constanza-mp","status":"publish","type":"post","link":"https:\/\/diariodominicano.com\/?p=400310","title":{"rendered":"Ocupan equipos de sonido y hookahs en operativo contra la contaminaci\u00f3n s\u00f3nica en Constanza: MP"},"content":{"rendered":"\n<p><\/p>\n\n\n\n<p>CONSTANZA (Rep\u00fablica Dominicana).- El Ministerio P\u00fablico realiz\u00f3 este s\u00e1bado, a trav\u00e9s de la Procuradur\u00eda Especializada para la Defensa del Medio Ambiente y los Recursos Naturales (Proedemaren) y con el apoyo de la Polic\u00eda Nacional y el Ministerio de Medio Ambiente y Recursos Naturales, un amplio operativo en contra de la contaminaci\u00f3n s\u00f3nica que viene afectando el municipio de Constanza.<\/p>\n\n\n\n<figure class=\"wp-block-image size-full\"><img loading=\"lazy\" decoding=\"async\" width=\"768\" height=\"1024\" src=\"https:\/\/diariodominicano.com\/wp-content\/uploads\/2022\/11\/WhatsApp-Image-2022-11-27-at-2.37.15-PM-1.jpeg\" alt=\"\" class=\"wp-image-400313\" srcset=\"https:\/\/diariodominicano.com\/wp-content\/uploads\/2022\/11\/WhatsApp-Image-2022-11-27-at-2.37.15-PM-1.jpeg 768w, https:\/\/diariodominicano.com\/wp-content\/uploads\/2022\/11\/WhatsApp-Image-2022-11-27-at-2.37.15-PM-1-225x300.jpeg 225w\" sizes=\"auto, (max-width: 768px) 100vw, 768px\" \/><\/figure>\n\n\n\n<figure class=\"wp-block-image size-full\"><img loading=\"lazy\" decoding=\"async\" width=\"768\" height=\"1024\" src=\"https:\/\/diariodominicano.com\/wp-content\/uploads\/2022\/11\/WhatsApp-Image-2022-11-27-at-2.27.29-PM.jpeg\" alt=\"\" class=\"wp-image-400314\" srcset=\"https:\/\/diariodominicano.com\/wp-content\/uploads\/2022\/11\/WhatsApp-Image-2022-11-27-at-2.27.29-PM.jpeg 768w, https:\/\/diariodominicano.com\/wp-content\/uploads\/2022\/11\/WhatsApp-Image-2022-11-27-at-2.27.29-PM-225x300.jpeg 225w\" sizes=\"auto, (max-width: 768px) 100vw, 768px\" \/><\/figure>\n\n\n\n<figure class=\"wp-block-image size-full\"><img loading=\"lazy\" decoding=\"async\" width=\"1024\" height=\"768\" src=\"https:\/\/diariodominicano.com\/wp-content\/uploads\/2022\/11\/WhatsApp-Image-2022-11-27-at-2.37.15-PM.jpeg\" alt=\"\" class=\"wp-image-400315\" srcset=\"https:\/\/diariodominicano.com\/wp-content\/uploads\/2022\/11\/WhatsApp-Image-2022-11-27-at-2.37.15-PM.jpeg 1024w, https:\/\/diariodominicano.com\/wp-content\/uploads\/2022\/11\/WhatsApp-Image-2022-11-27-at-2.37.15-PM-300x225.jpeg 300w, https:\/\/diariodominicano.com\/wp-content\/uploads\/2022\/11\/WhatsApp-Image-2022-11-27-at-2.37.15-PM-768x576.jpeg 768w, https:\/\/diariodominicano.com\/wp-content\/uploads\/2022\/11\/WhatsApp-Image-2022-11-27-at-2.37.15-PM-816x612.jpeg 816w\" sizes=\"auto, (max-width: 1024px) 100vw, 1024px\" \/><\/figure>\n\n\n\n<p>En el operativo, encabezado por los procuradores de corte de Proedemaren Ruddy P\u00e9rez Medrano, Jos\u00e9 Luis Farias y Miledy Dom\u00ednguez fueron incautados equipos de sonido y hookahs, encontrados siendo utilizados en flagrante delito, produciendo contaminaci\u00f3n ambiental en la v\u00eda p\u00fablica.<\/p>\n\n\n\n<p>El Ministerio P\u00fablico, que con esta acci\u00f3n brind\u00f3 respuestas a las denuncias de los comunitarios sobre el alto volumen de la m\u00fasica reproducida en altas horas de la noche, recorri\u00f3 e inspeccion\u00f3 unos 20 establecimientos de expendio de bebidas alcoh\u00f3licas de este municipio.<\/p>\n\n\n\n<p>Los residentes en Constanza se han estado quejando de la intranquilidad permanente que le genera el&nbsp; alto volumen de la m\u00fasica en negocios de los alrededores del parque municipal y otros puntos del municipio.<\/p>\n\n\n\n<figure class=\"wp-block-image size-full\"><img loading=\"lazy\" decoding=\"async\" width=\"1024\" height=\"768\" src=\"https:\/\/diariodominicano.com\/wp-content\/uploads\/2022\/11\/WhatsApp-Image-2022-11-27-at-2.37.21-PM.jpeg\" alt=\"\" class=\"wp-image-400317\" srcset=\"https:\/\/diariodominicano.com\/wp-content\/uploads\/2022\/11\/WhatsApp-Image-2022-11-27-at-2.37.21-PM.jpeg 1024w, https:\/\/diariodominicano.com\/wp-content\/uploads\/2022\/11\/WhatsApp-Image-2022-11-27-at-2.37.21-PM-300x225.jpeg 300w, https:\/\/diariodominicano.com\/wp-content\/uploads\/2022\/11\/WhatsApp-Image-2022-11-27-at-2.37.21-PM-768x576.jpeg 768w, https:\/\/diariodominicano.com\/wp-content\/uploads\/2022\/11\/WhatsApp-Image-2022-11-27-at-2.37.21-PM-816x612.jpeg 816w\" sizes=\"auto, (max-width: 1024px) 100vw, 1024px\" \/><\/figure>\n\n\n\n<p>Los propietarios de estos negocios fueron notificados y advertidos para que se acojan a las normas establecidas en la Ley 64-00 sobre Medio Ambiente y Recursos Naturales.<\/p>\n\n\n\n<p>Adem\u00e1s de las advertencias realizadas a los due\u00f1os o administradores de los indicados negocios y propietarios de los equipos incautados, todos fueron citados para comparecer ante el Ministerio P\u00fablico ambiental del Departamento de La Vega, para tratar sus casos.<\/p>\n\n\n\n<p><strong>Direcci\u00f3n de Comunicaci\u00f3n y Prensa<\/strong><\/p>\n\n\n\n<p><strong>Procuradur\u00eda General-Ministerio P\u00fablico RD<\/strong><\/p>\n\n\n\n<p><strong>Domingo, 27 de noviembre del 2022<\/strong><\/p>\n","protected":false},"excerpt":{"rendered":"<p>CONSTANZA (Rep\u00fablica Dominicana).- El Ministerio P\u00fablico realiz\u00f3 este s\u00e1bado, a trav\u00e9s de la Procuradur\u00eda Especializada para la Defensa del Medio Ambiente y los Recursos Naturales (Proedemaren) y con el apoyo de la Polic\u00eda Nacional y el Ministerio de Medio Ambiente y Recursos Naturales, un amplio operativo en contra de la contaminaci\u00f3n s\u00f3nica que viene afectando [&hellip;]<\/p>\n","protected":false},"author":28,"featured_media":400311,"comment_status":"closed","ping_status":"","sticky":true,"template":"","format":"standard","meta":{"footnotes":""},"categories":[20,24,29,27],"tags":[],"class_list":["post-400310","post","type-post","status-publish","format-standard","has-post-thumbnail","hentry","category-dominicana-hoy","category-justicia-y-derecho","category-policiasucesos","category-portada"],"_links":{"self":[{"href":"https:\/\/diariodominicano.com\/index.php?rest_route=\/wp\/v2\/posts\/400310","targetHints":{"allow":["GET"]}}],"collection":[{"href":"https:\/\/diariodominicano.com\/index.php?rest_route=\/wp\/v2\/posts"}],"about":[{"href":"https:\/\/diariodominicano.com\/index.php?rest_route=\/wp\/v2\/types\/post"}],"author":[{"embeddable":true,"href":"https:\/\/diariodominicano.com\/index.php?rest_route=\/wp\/v2\/users\/28"}],"replies":[{"embeddable":true,"href":"https:\/\/diariodominicano.com\/index.php?rest_route=%2Fwp%2Fv2%2Fcomments&post=400310"}],"version-history":[{"count":1,"href":"https:\/\/diariodominicano.com\/index.php?rest_route=\/wp\/v2\/posts\/400310\/revisions"}],"predecessor-version":[{"id":400318,"href":"https:\/\/diariodominicano.com\/index.php?rest_route=\/wp\/v2\/posts\/400310\/revisions\/400318"}],"wp:featuredmedia":[{"embeddable":true,"href":"https:\/\/diariodominicano.com\/index.php?rest_route=\/wp\/v2\/media\/400311"}],"wp:attachment":[{"href":"https:\/\/diariodominicano.com\/index.php?rest_route=%2Fwp%2Fv2%2Fmedia&parent=400310"}],"wp:term":[{"taxonomy":"category","embeddable":true,"href":"https:\/\/diariodominicano.com\/index.php?rest_route=%2Fwp%2Fv2%2Fcategories&post=400310"},{"taxonomy":"post_tag","embeddable":true,"href":"https:\/\/diariodominicano.com\/index.php?rest_route=%2Fwp%2Fv2%2Ftags&post=400310"}],"curies":[{"name":"wp","href":"https:\/\/api.w.org\/{rel}","templated":true}]}}