{"id":40015,"date":"2020-02-04T11:23:00","date_gmt":"2020-02-04T11:23:00","guid":{"rendered":"http:\/\/diariodominicano.ddns.net\/?p=40015"},"modified":"2020-02-04T11:23:00","modified_gmt":"2020-02-04T11:23:00","slug":"resultados-alentadores","status":"publish","type":"post","link":"https:\/\/diariodominicano.com\/?p=40015","title":{"rendered":"&#13;RESULTADOS ALENTADORES"},"content":{"rendered":"<p><body><\/p>\n<p><strong>EN PRIMERA FILA<\/strong><\/p>\n<p><strong>RESULTADOS ALENTADORES<\/strong><\/p>\n<p><strong>Mario Rivadulla<\/strong><\/p>\n<\/p>\n<p>Por a\u00f1os la Rep\u00fablica Dominicana ha venido arrastrando una elevada tasa de muertes maternas y neo-natales.  Ha sido una de las metas del milenio que el pa\u00eds no ha podido cumplir.  Y cada a\u00f1o, frente a las altas cifras registradas en ambos aspectos, en vez de armonizar esfuerzos para superar el problema, se repet\u00eda el mismo penoso e infructuoso espect\u00e1culo entre las autoridades de Salud P\u00fablica y el Colegio M\u00e9dico Dominicano responsabiliz\u00e1ndose mutuamente de ser culpables  de la situaci\u00f3n.<\/p>\n<\/p>\n<p>As\u00ed, mientras las autoridades achacaban a los m\u00e9dicos de mostrarse insensibles e inhumanos y no prestar la adecuada atenci\u00f3n ni darles el seguimiento a las parturientas y los reci\u00e9n nacidos, los galenos, a su vez, argumentando no disponer de los medios necesarios para brindar adecuados cuidados  debido a la desatenci\u00f3n y desabastecimiento de las maternidades por parte del Ministerio.  Lo m\u00e1s penoso de todo es que la mayor\u00eda de esas muertes en ambos casos, alrededor de un setenta por ciento,  se consideraban evitables. <\/p>\n<\/p>\n<p>Fue a comienzos del pasado a\u00f1o que con la finalidad de mejorar tan preocupantes \u00edndices de mortalidad,  la UNICEF y  Salud P\u00fablica realizaron el lanzamiento del programa \u00abCertificaci\u00f3n en Calidad y Humanizaci\u00f3n de la Atenci\u00f3n en Salud a la Madre y al Reci\u00e9n Nacido\u00bb para aplicaci\u00f3n en los centros de salud p\u00fablica, extensivo a los centros privados, los patronatos y las ONG, con la elaboraci\u00f3n de unos manuales donde paso a paso se van se\u00f1alando las medidas a adoptar tanto a favor de la parturienta como los reci\u00e9n nacidos.  <\/p>\n<\/p>\n<p>Fue en torno a las directrices de ese manual y con el compromiso de darle cumplimiento que Salud P\u00fablica y los m\u00e9dicos trabajaron durante el pasado a\u00f1o mano a mano,  sin que al finalizar el mismo, a diferencia de las ocasiones anteriores, hubiese motivo de reproches ni inculpaciones mutuas ni el cl\u00e1sico intercambio de lanzarse cajas y cajones.<\/p>\n<\/p>\n<p>Ahora la UNICEF acaba de reportar que la mortalidad materna en el pa\u00eds se redujo en el 2019 en un 31 por ciento mientras la neonatal registr\u00f3 una mejor\u00eda de un 25 por ciento.   Es una buena se\u00f1al de que el esfuerzo combinado de la organizaci\u00f3n de las Naciones Unidas para la protecci\u00f3n de la infancia, los  m\u00e9dicos y autoridades sanitarias ha comenzado a dar sus frutos.<\/p>\n<\/p>\n<p>Cierto que todav\u00eda el pa\u00eds registra tasas muy elevadas de mortalidad materna e infantil.  Pero lo importante es que se han empezado a dar pasos firmes en esa direcci\u00f3n y comenzado a cosechar los primeros logros.   Son resultados alentadores,  vidas que se han salvado y que deben servir de est\u00edmulo para continuar por ese mismo rumbo de compromiso, colaboraci\u00f3n y responsabilidad.<\/p>\n<\/p>\n<p>De esperar que no haya desv\u00edos y que esa misma disposici\u00f3n de trabajo conjunto se extienda y manifieste en todo lo relacionado con el campo de la medicina preventiva y asistencial a la poblaci\u00f3n, donde la meta m\u00e1s importante es garantizar la salud y la vida de la gente.<\/p>\n<h6> 2020-02-04 11:23:00 <\/h6>\n<p><!--\n<link rel=\"stylesheet\" href=\"css\/bootstrap.min.css\">\n\n\n<ul class=\"pagination\">\n\t    \n\t\n\n<li >\n\t<a href='?page_no=326'>Previous<\/a>\n\t<\/li>\n\n\n       \n    \n\n<li><a href='?page_no=1'>1<\/a><\/li>\n\n\n\n<li><a href='?page_no=2'>2<\/a><\/li>\n\n\n\n<li><a>...<\/a><\/li>\n\n\n\n<li><a href='?page_no=325'>325<\/a><\/li>\n\n\n\n<li><a href='?page_no=326'>326<\/a><\/li>\n\n\n\n<li class='active'><a>327<\/a><\/li>\n\n\n\n<li><a href='?page_no=328'>328<\/a><\/li>\n\n\n\n<li><a href='?page_no=329'>329<\/a><\/li>\n\n\n\n<li><a>...<\/a><\/li>\n\n\n\n<li><a href='?page_no=13611'>13611<\/a><\/li>\n\n\n\n<li><a href='?page_no=13612'>13612<\/a><\/li>\n\n    \n\t\n\n<li >\n\t<a href='?page_no=328'>Next<\/a>\n\t<\/li>\n\n\n    \n\n<li><a href='?page_no=13612'>Last &rsaquo;&rsaquo;<\/a><\/li>\n\n<\/ul>\n\n\n--><br \/>\n<\/body><\/p>\n","protected":false},"excerpt":{"rendered":"<p>EN PRIMERA FILA RESULTADOS ALENTADORES Mario Rivadulla Por a\u00f1os la Rep\u00fablica Dominicana ha venido arrastrando una elevada tasa de muertes maternas y neo-natales. Ha sido una de las metas del milenio que el pa\u00eds no ha podido cumplir. Y cada a\u00f1o, frente a las altas cifras registradas en ambos aspectos, en vez de armonizar esfuerzos [&hellip;]<\/p>\n","protected":false},"author":3,"featured_media":0,"comment_status":"open","ping_status":"open","sticky":false,"template":"","format":"standard","meta":{"footnotes":""},"categories":[16],"tags":[],"class_list":["post-40015","post","type-post","status-publish","format-standard","hentry","category-opiniones"],"_links":{"self":[{"href":"https:\/\/diariodominicano.com\/index.php?rest_route=\/wp\/v2\/posts\/40015","targetHints":{"allow":["GET"]}}],"collection":[{"href":"https:\/\/diariodominicano.com\/index.php?rest_route=\/wp\/v2\/posts"}],"about":[{"href":"https:\/\/diariodominicano.com\/index.php?rest_route=\/wp\/v2\/types\/post"}],"author":[{"embeddable":true,"href":"https:\/\/diariodominicano.com\/index.php?rest_route=\/wp\/v2\/users\/3"}],"replies":[{"embeddable":true,"href":"https:\/\/diariodominicano.com\/index.php?rest_route=%2Fwp%2Fv2%2Fcomments&post=40015"}],"version-history":[{"count":0,"href":"https:\/\/diariodominicano.com\/index.php?rest_route=\/wp\/v2\/posts\/40015\/revisions"}],"wp:attachment":[{"href":"https:\/\/diariodominicano.com\/index.php?rest_route=%2Fwp%2Fv2%2Fmedia&parent=40015"}],"wp:term":[{"taxonomy":"category","embeddable":true,"href":"https:\/\/diariodominicano.com\/index.php?rest_route=%2Fwp%2Fv2%2Fcategories&post=40015"},{"taxonomy":"post_tag","embeddable":true,"href":"https:\/\/diariodominicano.com\/index.php?rest_route=%2Fwp%2Fv2%2Ftags&post=40015"}],"curies":[{"name":"wp","href":"https:\/\/api.w.org\/{rel}","templated":true}]}}