{"id":400070,"date":"2022-11-25T23:46:17","date_gmt":"2022-11-26T03:46:17","guid":{"rendered":"http:\/\/diariodominicano.com\/?p=400070"},"modified":"2022-11-25T23:54:59","modified_gmt":"2022-11-26T03:54:59","slug":"rey-felipe-ii","status":"publish","type":"post","link":"https:\/\/diariodominicano.com\/?p=400070","title":{"rendered":"REY FELIPE II"},"content":{"rendered":"\n<p><\/p>\n\n\n\n<p>POR TE\u00d3FILO LAPPOT ROBLES<\/p>\n\n\n\n<p>El rey Felipe II de Espa\u00f1a siempre estar\u00e1 vinculado a la historia de la etapa colonial espa\u00f1ola en el Caribe, aunque su papel no se limit\u00f3 a lazos de subordinaci\u00f3n entre el imperio que represent\u00f3 por d\u00e9cadas y esta parte del mundo, pues su poder mon\u00e1rquico se extendi\u00f3 a otros lugares.<\/p>\n\n\n\n<p>Felipe II tambi\u00e9n fue rey de Portugal, N\u00e1poles, Sicilia, Cerde\u00f1a, Inglaterra e Irlanda, as\u00ed como duque de Borgo\u00f1a y Mil\u00e1n y soberano de los Pa\u00edses Bajos.<\/p>\n\n\n\n<p>Su reinado de 42 a\u00f1os (desde el 15 de enero de1556 hasta su muerte el 13 de septiembre de 1598) no estuvo libre de esc\u00e1ndalos. Las estad\u00edsticas demuestran que fue un p\u00e9simo administrador de los fondos p\u00fablicos, los cuales proven\u00edan en alta proporci\u00f3n de las colonias espa\u00f1olas en Am\u00e9rica.<\/p>\n\n\n\n<p>Como rey en la \u00e9poca del Renacimiento auspici\u00f3 un aflojamiento en la rigidez de los m\u00e9todos medievales que se practicaba en gran parte de Europa, lo cual hay que acreditarlo a su memoria.<\/p>\n\n\n\n<p>Fue un mecenas de proyectos cient\u00edficos, tal y como lo describe Enrique Mart\u00ednez Ruiz en su obra titulada Felipe II, impulsor de la Ciencia y la T\u00e9cnica.<\/p>\n\n\n\n<p>Bartolom\u00e9 de Las Casas, en sus cr\u00f3nicas coloniales, defiende a capa y espada al nieto de Isabel de Castilla, de quien dice que a petici\u00f3n suya firm\u00f3 varias c\u00e9dulas reales para salvaguardar a los ind\u00edgenas y fomentar el cristianismo en la Am\u00e9rica espa\u00f1ola. En realidad eso sirvi\u00f3 de poco, al menos en las Antillas.<\/p>\n\n\n\n<figure class=\"wp-block-image size-full\"><img loading=\"lazy\" decoding=\"async\" width=\"300\" height=\"270\" src=\"https:\/\/diariodominicano.com\/wp-content\/uploads\/2022\/11\/Geoffrey-Parker00.jpg\" alt=\"\" class=\"wp-image-400074\"\/><figcaption>Simancas, 12\/9\/2010. Geofrey Parker. Foto Ricardo Otazo.<\/figcaption><\/figure>\n\n\n\n<p>En su minuciosa obra titulada Felipe II. La biograf\u00eda definitiva, el historiador ingl\u00e9s Geoffrey Parker hace un largo recuento de los esfuerzos de ese monarca espa\u00f1ol tratando de que Inglaterra volviera al seno de la Iglesia cat\u00f3lica. \u00c9l era un fervoroso cat\u00f3lico.<\/p>\n\n\n\n<p>Ese monarca, que dej\u00f3 su impronta en la historia, proclam\u00f3 a la ciudad de Santo Domingo, capital de la actual Rep\u00fablica Dominicana, como la \u201cllave, puerto y escala de todas las Indias.\u201d Esa fue una opini\u00f3n sensata y ajustada a la realidad del momento en que la dijo.<\/p>\n\n\n\n<p>A Felipe II le pusieron como sobrenombre el Prudente. No se sabe el origen de ese apelativo, pero lo cierto es que en el 1588 \u00e9l desoy\u00f3 las sugerencias de cortesanos que le ped\u00edan que invadiera China, a pesar de que hac\u00eda poco tiempo que la Gran Armada espa\u00f1ola hab\u00eda sido vencida por los ingleses. Carec\u00eda de sentido militar en esos momentos emprender una acci\u00f3n b\u00e9lica de esa magnitud.<\/p>\n\n\n\n<p>Sobre ese particular el acad\u00e9mico ingl\u00e9s David Abulafia vincula esa negativa a otros motivos. As\u00ed lo explica: \u201cFelipe comprendi\u00f3 que deb\u00eda poner preponderantemente el acento en la promoci\u00f3n de los intereses comerciales que Espa\u00f1a ten\u00eda en el Pac\u00edfico occidental, en lugar de so\u00f1ar con la conquista de un nuevo imperio ex\u00f3tico\u2026\u201d (Un mar sin l\u00edmites. Pp858, 859. Primera edici\u00f3n mayo 2021).<\/p>\n\n\n\n<p>Lo cierto es que Felipe II fue un gobernante expansionista. Extendi\u00f3 los dominios de Espa\u00f1a por gran parte del mundo, convirti\u00e9ndola en su \u00e9poca en la primera potencia de Europa, con incidencia econ\u00f3mica, militar y pol\u00edtica en territorios de los oc\u00e9anos Pac\u00edfico y Atl\u00e1ntico, e incrementado su presencia en las islas y puertos del mar Caribe.<\/p>\n\n\n\n<p>Por sus actos de gobierno est\u00e1 claro que Felipe II asimil\u00f3 muy bien las llamadas Instrucciones de Palam\u00f3s, que desde esa poblaci\u00f3n catalana le hizo su padre, el rey Carlos I, en dos sustanciosas cartas fechadas los d\u00edas 4 y 6 de mayo de 1543, en las cuales le se\u00f1alaba especialmente el aseguramiento militar de los territorios bajo su dominio.<\/p>\n\n\n\n<p>Conectado con lo anterior es pertinente se\u00f1alar que las historiadoras Consuelo Naranjo Orovio, Mar\u00eda Dolores Gonz\u00e1lez-Ripoll y Mar\u00eda Ruiz del \u00c1rbol Moro describen en su interesante obra titulada El Caribe: Origen del mundo moderno, que Felipe II se dio cuenta que era necesario modificar antiguos medios de defensas, disponiendo \u201cun nuevo sistema de fortificaci\u00f3n basado en una novedosa disposici\u00f3n de los muros defensivos, en el tama\u00f1o y grosor de estos y en su ubicaci\u00f3n frente al enemigo\u2026\u201d<\/p>\n\n\n\n<p>No es ocioso decir que el archipi\u00e9lago de Las Filipinas lleva ese nombre en su honor. As\u00ed lo decidieron los conquistadores espa\u00f1oles cuando todav\u00eda Felipe II no era rey, sino heredero del trono de Castilla.<\/p>\n\n\n\n<p>Luego de su muerte sus adversarios escribieron p\u00e1ginas \u00e1speras sobre \u00e9l. Sus admiradores, en cambio, lo biografiaron de manera almibarada, resaltando en su persona virtudes como gobernante y explay\u00e1ndose sobre su calidez humana.<\/p>\n\n\n\n<p>No fueron pocos los enfrentamientos que durante su largo reinado tuvo Espa\u00f1a con Francia e Inglaterra por las rapi\u00f1as que contra galeones espa\u00f1oles cargados de oro provenientes de las colonias americanas comet\u00edan en el Atl\u00e1ntico y el Mar Caribe corsarios y piratas de esos pa\u00edses.<\/p>\n\n\n\n<figure class=\"wp-block-image size-full\"><img loading=\"lazy\" decoding=\"async\" width=\"188\" height=\"266\" src=\"https:\/\/diariodominicano.com\/wp-content\/uploads\/2022\/11\/Fernando-Benitez-00.jpg\" alt=\"\" class=\"wp-image-400076\"\/><figcaption>Fernando Benitez<\/figcaption><\/figure>\n\n\n\n<p>Sobre la muerte de Felipe II el historiador mexicano Fernando Ben\u00edtez describe que: \u201c\u2026muri\u00f3 en una celda del Escorial. Era una llaga viva y lo her\u00eda el roce de una s\u00e1bana. Yac\u00eda sobre sus excrementos y su podredumbre desped\u00eda un olor f\u00e9tido. Cardenales y arzobispos, arrodillados, le le\u00edan en voz alta el Evangelio y as\u00ed pasaba d\u00edas interminables.\u201d(1992\u00bfQu\u00e9 celebramos, qu\u00e9 lamentamos? Editora Taller.P219).<\/p>\n\n\n\n<p>En resumen, en sus momentos finales quien fuera un poderoso monarca con gran incidencia en territorios de Europa, Am\u00e9rica y Asia era en realidad \u201cuna mara\u00f1a inm\u00f3vil de piel y huesos.\u201d<\/p>\n\n\n\n<p>Con Felipe II tambi\u00e9n se cumpli\u00f3 aquella expresi\u00f3n latina:\u201d As\u00ed pasa la gloria del mundo.\u201d<\/p>\n\n\n\n<p>Te\u00f3filo Lappot<\/p>\n\n\n\n<p><a rel=\"noreferrer noopener\" target=\"_blank\" href=\"mailto:teofilolappot@hotmail.com\">teofilolappot@hotmail.com<\/a><\/p>\n","protected":false},"excerpt":{"rendered":"<p>POR TE\u00d3FILO LAPPOT ROBLES El rey Felipe II de Espa\u00f1a siempre estar\u00e1 vinculado a la historia de la etapa colonial espa\u00f1ola en el Caribe, aunque su papel no se limit\u00f3 a lazos de subordinaci\u00f3n entre el imperio que represent\u00f3 por d\u00e9cadas y esta parte del mundo, pues su poder mon\u00e1rquico se extendi\u00f3 a otros lugares. [&hellip;]<\/p>\n","protected":false},"author":28,"featured_media":400071,"comment_status":"closed","ping_status":"","sticky":true,"template":"","format":"standard","meta":{"footnotes":""},"categories":[21,36,26,27],"tags":[],"class_list":["post-400070","post","type-post","status-publish","format-standard","has-post-thumbnail","hentry","category-cultura","category-hombresmujeresycosas","category-efemerides","category-portada"],"_links":{"self":[{"href":"https:\/\/diariodominicano.com\/index.php?rest_route=\/wp\/v2\/posts\/400070","targetHints":{"allow":["GET"]}}],"collection":[{"href":"https:\/\/diariodominicano.com\/index.php?rest_route=\/wp\/v2\/posts"}],"about":[{"href":"https:\/\/diariodominicano.com\/index.php?rest_route=\/wp\/v2\/types\/post"}],"author":[{"embeddable":true,"href":"https:\/\/diariodominicano.com\/index.php?rest_route=\/wp\/v2\/users\/28"}],"replies":[{"embeddable":true,"href":"https:\/\/diariodominicano.com\/index.php?rest_route=%2Fwp%2Fv2%2Fcomments&post=400070"}],"version-history":[{"count":5,"href":"https:\/\/diariodominicano.com\/index.php?rest_route=\/wp\/v2\/posts\/400070\/revisions"}],"predecessor-version":[{"id":400079,"href":"https:\/\/diariodominicano.com\/index.php?rest_route=\/wp\/v2\/posts\/400070\/revisions\/400079"}],"wp:featuredmedia":[{"embeddable":true,"href":"https:\/\/diariodominicano.com\/index.php?rest_route=\/wp\/v2\/media\/400071"}],"wp:attachment":[{"href":"https:\/\/diariodominicano.com\/index.php?rest_route=%2Fwp%2Fv2%2Fmedia&parent=400070"}],"wp:term":[{"taxonomy":"category","embeddable":true,"href":"https:\/\/diariodominicano.com\/index.php?rest_route=%2Fwp%2Fv2%2Fcategories&post=400070"},{"taxonomy":"post_tag","embeddable":true,"href":"https:\/\/diariodominicano.com\/index.php?rest_route=%2Fwp%2Fv2%2Ftags&post=400070"}],"curies":[{"name":"wp","href":"https:\/\/api.w.org\/{rel}","templated":true}]}}