{"id":39993,"date":"2020-02-04T23:29:20","date_gmt":"2020-02-04T23:29:20","guid":{"rendered":"http:\/\/diariodominicano.ddns.net\/?p=39993"},"modified":"2020-02-04T23:29:20","modified_gmt":"2020-02-04T23:29:20","slug":"incertidumbre-de-una-candidatura","status":"publish","type":"post","link":"https:\/\/diariodominicano.com\/?p=39993","title":{"rendered":"&#13;&#13;Incertidumbre de una candidatura"},"content":{"rendered":"<p><body><\/p>\n<p><strong>VISI\u00d3N GLOBAL<\/strong><\/p>\n<p><strong>Por Nelson Encarnaci\u00f3n<\/strong><\/p>\n<\/p>\n<\/p>\n<p>Incertidumbre de una candidatura<\/p>\n<\/p>\n<p>Ning\u00fan factor afecta m\u00e1s a una candidatura pol\u00edtica que sembrar en el \u00e1nimo del elector la posibilidad de que el abanderado pudiera ser cambiado en el curso de la campa\u00f1a.<\/p>\n<\/p>\n<p>Se le asocia as\u00ed con la eventualidad de ser un aspirante temporal que dejar\u00e1 de existir en el momento menos esperado para \u00e9ste y sus seguidores.<\/p>\n<\/p>\n<p>Es lo que se asocia m\u00e1s con la candidatura de Gonzalo Castillo en el Partido de la Liberaci\u00f3n Dominicana, cuya aspiraci\u00f3n marcha cuesta abajo, si nos atenemos a resultados de encuestas, inclusive las que trabajan con la formaci\u00f3n oficialista, todas las cuales le asignan un precario e incierto segundo lugar en las preferencias del electorado, con una clara tendencia a ser desplazado.<\/p>\n<\/p>\n<p>Peor a\u00fan es el dato de que es la primera vez en muchos procesos que el PLD, como organizaci\u00f3n, aparece por encima del candidato con m\u00e1s de 15 puntos porcentuales, lo cual analizado fr\u00edamente permite inferir que ese abanderado ni siquiera es capaz de cosechar toda la simpat\u00eda de su partido.<\/p>\n<\/p>\n<p>Y esto lo decimos con el aval de los procesos electorales de los \u00faltimos 25 a\u00f1os, en cada uno de los cuales, Leonel Fern\u00e1ndez (1996-2008) y Danilo Medina (2000, 2012 y 2016), siempre marcaron por arriba del PLD, es decir, que no s\u00f3lo cosechaban el ciento por ciento de los pelede\u00edstas, sino que atra\u00edan simpat\u00edas extrapartidarias.<\/p>\n<\/p>\n<p>El caso m\u00e1s impactante fue el de Fern\u00e1ndez en 1996. Recordemos que para entonces el PLD marcaba apenas el 13 por ciento que hab\u00eda alcanzado en las elecciones de 1994, n\u00fameros que fueron superados por el ahora l\u00edder del partido Fuerza del Pueblo con un robusto 25% para quedar posicionado en 38% con miras al \u00fanico balotaje que hemos tenido.<\/p>\n<\/p>\n<p>En 2004, Leonel super\u00f3 nuevamente al PLD por 10%, mientras que el presidente Medina lo rebas\u00f3, en 2016, por casi 14 puntos, merced a lo cual se alz\u00f3 con un in\u00e9dito triunfo de un 62 por ciento.<\/p>\n<\/p>\n<p>Esta realidad luce descartada de antemano en el caso de Castillo, cuya candidatura, reitero, es vista como una transici\u00f3n hacia un lugar a\u00fan m\u00e1s incierto que sus propias aspiraciones, debido a que es un candidato sin discurso, sin pegada, err\u00e1tico, e incapaz de explicar coherentemente las ideas que otros le escriben.<\/p>\n<\/p>\n<p>De ah\u00ed la gran preocupaci\u00f3n que embarga a los estrategas del PLD ante la imposibilidad de que ese candidato pueda siquiera agenciarse el voto duro del pelede\u00edsmo, y a pesar de lo que proclame el verdadero due\u00f1o de esa candidatura, el presidente Medina, el futuro del cuestionado exministro de Obras P\u00fablicas es desolador.<\/p>\n<\/p>\n<p>Con la agravante de que Danilo no ha podido, ni podr\u00e1, endosarle el caudal que a\u00fan conserva.<\/p>\n<\/p>\n<p>Nelsonencar10@gmail.com<\/p>\n<\/p>\n<h6> 2020-02-04 23:29:20 <\/h6>\n<p><!--\n<link rel=\"stylesheet\" href=\"css\/bootstrap.min.css\">\n\n\n<ul class=\"pagination\">\n\t    \n\t\n\n<li >\n\t<a href='?page_no=324'>Previous<\/a>\n\t<\/li>\n\n\n       \n    \n\n<li><a href='?page_no=1'>1<\/a><\/li>\n\n\n\n<li><a href='?page_no=2'>2<\/a><\/li>\n\n\n\n<li><a>...<\/a><\/li>\n\n\n\n<li><a href='?page_no=323'>323<\/a><\/li>\n\n\n\n<li><a href='?page_no=324'>324<\/a><\/li>\n\n\n\n<li class='active'><a>325<\/a><\/li>\n\n\n\n<li><a href='?page_no=326'>326<\/a><\/li>\n\n\n\n<li><a href='?page_no=327'>327<\/a><\/li>\n\n\n\n<li><a>...<\/a><\/li>\n\n\n\n<li><a href='?page_no=13611'>13611<\/a><\/li>\n\n\n\n<li><a href='?page_no=13612'>13612<\/a><\/li>\n\n    \n\t\n\n<li >\n\t<a href='?page_no=326'>Next<\/a>\n\t<\/li>\n\n\n    \n\n<li><a href='?page_no=13612'>Last &rsaquo;&rsaquo;<\/a><\/li>\n\n<\/ul>\n\n\n--><br \/>\n<\/body><\/p>\n","protected":false},"excerpt":{"rendered":"<p>VISI\u00d3N GLOBAL Por Nelson Encarnaci\u00f3n Incertidumbre de una candidatura Ning\u00fan factor afecta m\u00e1s a una candidatura pol\u00edtica que sembrar en el \u00e1nimo del elector la posibilidad de que el abanderado pudiera ser cambiado en el curso de la campa\u00f1a. Se le asocia as\u00ed con la eventualidad de ser un aspirante temporal que dejar\u00e1 de existir [&hellip;]<\/p>\n","protected":false},"author":3,"featured_media":0,"comment_status":"open","ping_status":"open","sticky":false,"template":"","format":"standard","meta":{"footnotes":""},"categories":[16],"tags":[],"class_list":["post-39993","post","type-post","status-publish","format-standard","hentry","category-opiniones"],"_links":{"self":[{"href":"https:\/\/diariodominicano.com\/index.php?rest_route=\/wp\/v2\/posts\/39993","targetHints":{"allow":["GET"]}}],"collection":[{"href":"https:\/\/diariodominicano.com\/index.php?rest_route=\/wp\/v2\/posts"}],"about":[{"href":"https:\/\/diariodominicano.com\/index.php?rest_route=\/wp\/v2\/types\/post"}],"author":[{"embeddable":true,"href":"https:\/\/diariodominicano.com\/index.php?rest_route=\/wp\/v2\/users\/3"}],"replies":[{"embeddable":true,"href":"https:\/\/diariodominicano.com\/index.php?rest_route=%2Fwp%2Fv2%2Fcomments&post=39993"}],"version-history":[{"count":0,"href":"https:\/\/diariodominicano.com\/index.php?rest_route=\/wp\/v2\/posts\/39993\/revisions"}],"wp:attachment":[{"href":"https:\/\/diariodominicano.com\/index.php?rest_route=%2Fwp%2Fv2%2Fmedia&parent=39993"}],"wp:term":[{"taxonomy":"category","embeddable":true,"href":"https:\/\/diariodominicano.com\/index.php?rest_route=%2Fwp%2Fv2%2Fcategories&post=39993"},{"taxonomy":"post_tag","embeddable":true,"href":"https:\/\/diariodominicano.com\/index.php?rest_route=%2Fwp%2Fv2%2Ftags&post=39993"}],"curies":[{"name":"wp","href":"https:\/\/api.w.org\/{rel}","templated":true}]}}