{"id":399861,"date":"2022-11-25T11:40:15","date_gmt":"2022-11-25T15:40:15","guid":{"rendered":"http:\/\/diariodominicano.com\/?p=399861"},"modified":"2022-11-25T12:40:53","modified_gmt":"2022-11-25T16:40:53","slug":"personal-de-la-digesett-conmemora-el-dia-internacional-de-la-eliminacion-de-la-violencia-contra-la-mujer","status":"publish","type":"post","link":"https:\/\/diariodominicano.com\/?p=399861","title":{"rendered":"Personal de la DIGESETT conmemora el \u201cD\u00eda Internacional de la Eliminaci\u00f3n de la Violencia Contra la Mujer\u201d"},"content":{"rendered":"\n<p>El  director de la DIGESETT, &nbsp;general de brigada Ram\u00f3n Antonio Guzm\u00e1n Peralta, P.N., asisti\u00f3 a la actividad acompa\u00f1ado de su esposa, la licenciada Ingrid Isabel Castro de Guzm\u00e1n. <\/p>\n\n\n\n<figure class=\"wp-block-image size-large\"><img loading=\"lazy\" decoding=\"async\" width=\"1024\" height=\"731\" src=\"https:\/\/diariodominicano.com\/wp-content\/uploads\/2022\/11\/Digesett-no-violencia-mujer-25112022-1-1024x731.jpg\" alt=\"\" class=\"wp-image-399864\" srcset=\"https:\/\/diariodominicano.com\/wp-content\/uploads\/2022\/11\/Digesett-no-violencia-mujer-25112022-1-1024x731.jpg 1024w, https:\/\/diariodominicano.com\/wp-content\/uploads\/2022\/11\/Digesett-no-violencia-mujer-25112022-1-300x214.jpg 300w, https:\/\/diariodominicano.com\/wp-content\/uploads\/2022\/11\/Digesett-no-violencia-mujer-25112022-1-768x549.jpg 768w, https:\/\/diariodominicano.com\/wp-content\/uploads\/2022\/11\/Digesett-no-violencia-mujer-25112022-1-816x583.jpg 816w, https:\/\/diariodominicano.com\/wp-content\/uploads\/2022\/11\/Digesett-no-violencia-mujer-25112022-1.jpg 1512w\" sizes=\"auto, (max-width: 1024px) 100vw, 1024px\" \/><\/figure>\n\n\n\n<figure class=\"wp-block-image size-large\"><img loading=\"lazy\" decoding=\"async\" width=\"1024\" height=\"731\" src=\"https:\/\/diariodominicano.com\/wp-content\/uploads\/2022\/11\/DSC00357-copia-1024x731.jpg\" alt=\"\" class=\"wp-image-399867\" srcset=\"https:\/\/diariodominicano.com\/wp-content\/uploads\/2022\/11\/DSC00357-copia-1024x731.jpg 1024w, https:\/\/diariodominicano.com\/wp-content\/uploads\/2022\/11\/DSC00357-copia-300x214.jpg 300w, https:\/\/diariodominicano.com\/wp-content\/uploads\/2022\/11\/DSC00357-copia-768x548.jpg 768w, https:\/\/diariodominicano.com\/wp-content\/uploads\/2022\/11\/DSC00357-copia-1536x1097.jpg 1536w, https:\/\/diariodominicano.com\/wp-content\/uploads\/2022\/11\/DSC00357-copia-2048x1463.jpg 2048w, https:\/\/diariodominicano.com\/wp-content\/uploads\/2022\/11\/DSC00357-copia-816x583.jpg 816w\" sizes=\"auto, (max-width: 1024px) 100vw, 1024px\" \/><\/figure>\n\n\n\n<p>El Departamento de Equidad de G\u00e9nero de la Direcci\u00f3n General de Seguridad de Tr\u00e1nsito y Transporte Terrestres (DIGESETT), realiz\u00f3 diferentes actividades para conmemorar y crear conciencia sobre el&nbsp;<strong>\u201cD\u00eda Internacional de la Eliminaci\u00f3n de la Violencia Contra la Mujer\u201d<\/strong>&nbsp;con el personal civil y policial de la sede central de la entidad de tr\u00e1nsito.<\/p>\n\n\n\n<p>La encargada del Departamento de Equidad de G\u00e9nero de la DIGESETT, teniente coronel doctora Ana Luisa Salas, P.N., organiz\u00f3 la ma\u00f1ana de este viernes 25 de noviembre el lanzamiento de globos y entrega de brochures a los transe\u00fantes que se dirig\u00edan a la estaci\u00f3n del metro coronel Rafael Tom\u00e1s Fern\u00e1ndez Dom\u00ednguez, orientando sobre los diferentes tipos de violencia.<\/p>\n\n\n\n<figure class=\"wp-block-image size-large\"><img loading=\"lazy\" decoding=\"async\" width=\"1024\" height=\"731\" src=\"https:\/\/diariodominicano.com\/wp-content\/uploads\/2022\/11\/DSC00214-copia-1024x731.jpg\" alt=\"\" class=\"wp-image-399868\" srcset=\"https:\/\/diariodominicano.com\/wp-content\/uploads\/2022\/11\/DSC00214-copia-1024x731.jpg 1024w, https:\/\/diariodominicano.com\/wp-content\/uploads\/2022\/11\/DSC00214-copia-300x214.jpg 300w, https:\/\/diariodominicano.com\/wp-content\/uploads\/2022\/11\/DSC00214-copia-768x549.jpg 768w, https:\/\/diariodominicano.com\/wp-content\/uploads\/2022\/11\/DSC00214-copia-1536x1097.jpg 1536w, https:\/\/diariodominicano.com\/wp-content\/uploads\/2022\/11\/DSC00214-copia-2048x1463.jpg 2048w, https:\/\/diariodominicano.com\/wp-content\/uploads\/2022\/11\/DSC00214-copia-816x583.jpg 816w\" sizes=\"auto, (max-width: 1024px) 100vw, 1024px\" \/><\/figure>\n\n\n\n<p>Este d\u00eda se conmemora para denunciar la violencia en todo el mundo y reclamar pol\u00edtica en todos los pa\u00edses para su erradicaci\u00f3n f\u00edsica, verbal psicol\u00f3gica, sexual, matrimonial y econ\u00f3mica.<\/p>\n\n\n\n<p>Con el eslogan: Ahora te toca a ti. DIGESETT pensando en todos, juntos hagamos un alto de \u201c<strong>No a la Violencia<\/strong>\u201d.<\/p>\n\n\n\n<p>La actividad cont\u00f3 con la participaci\u00f3n del director de la DIGESETT, &nbsp;general de brigada Ram\u00f3n Antonio Guzm\u00e1n Peralta, P.N., quien estuvo acompa\u00f1ado de su esposa, la licenciada Ingrid Isabel Castro de Guzm\u00e1n.<\/p>\n\n\n\n<p>DIGESETT<\/p>\n\n\n\n<p><a rel=\"noreferrer noopener\" target=\"_blank\" href=\"mailto:rrpp.amet@gmail.com\">rrpp.amet@gmail.com<\/a><\/p>\n\n\n\n<p>Sl\/mr.<\/p>\n\n\n\n<p><strong>DEPARTAMENTO DE COMUNICACIONES DIGESETT<\/strong><\/p>\n\n\n\n<p>Diariodominicano.com el medio de comunicaci\u00f3n.<\/p>\n","protected":false},"excerpt":{"rendered":"<p>El director de la DIGESETT, &nbsp;general de brigada Ram\u00f3n Antonio Guzm\u00e1n Peralta, P.N., asisti\u00f3 a la actividad acompa\u00f1ado de su esposa, la licenciada Ingrid Isabel Castro de Guzm\u00e1n. El Departamento de Equidad de G\u00e9nero de la Direcci\u00f3n General de Seguridad de Tr\u00e1nsito y Transporte Terrestres (DIGESETT), realiz\u00f3 diferentes actividades para conmemorar y crear conciencia sobre [&hellip;]<\/p>\n","protected":false},"author":28,"featured_media":399862,"comment_status":"closed","ping_status":"","sticky":true,"template":"","format":"standard","meta":{"footnotes":""},"categories":[20,29,27],"tags":[],"class_list":["post-399861","post","type-post","status-publish","format-standard","has-post-thumbnail","hentry","category-dominicana-hoy","category-policiasucesos","category-portada"],"_links":{"self":[{"href":"https:\/\/diariodominicano.com\/index.php?rest_route=\/wp\/v2\/posts\/399861","targetHints":{"allow":["GET"]}}],"collection":[{"href":"https:\/\/diariodominicano.com\/index.php?rest_route=\/wp\/v2\/posts"}],"about":[{"href":"https:\/\/diariodominicano.com\/index.php?rest_route=\/wp\/v2\/types\/post"}],"author":[{"embeddable":true,"href":"https:\/\/diariodominicano.com\/index.php?rest_route=\/wp\/v2\/users\/28"}],"replies":[{"embeddable":true,"href":"https:\/\/diariodominicano.com\/index.php?rest_route=%2Fwp%2Fv2%2Fcomments&post=399861"}],"version-history":[{"count":5,"href":"https:\/\/diariodominicano.com\/index.php?rest_route=\/wp\/v2\/posts\/399861\/revisions"}],"predecessor-version":[{"id":399885,"href":"https:\/\/diariodominicano.com\/index.php?rest_route=\/wp\/v2\/posts\/399861\/revisions\/399885"}],"wp:featuredmedia":[{"embeddable":true,"href":"https:\/\/diariodominicano.com\/index.php?rest_route=\/wp\/v2\/media\/399862"}],"wp:attachment":[{"href":"https:\/\/diariodominicano.com\/index.php?rest_route=%2Fwp%2Fv2%2Fmedia&parent=399861"}],"wp:term":[{"taxonomy":"category","embeddable":true,"href":"https:\/\/diariodominicano.com\/index.php?rest_route=%2Fwp%2Fv2%2Fcategories&post=399861"},{"taxonomy":"post_tag","embeddable":true,"href":"https:\/\/diariodominicano.com\/index.php?rest_route=%2Fwp%2Fv2%2Ftags&post=399861"}],"curies":[{"name":"wp","href":"https:\/\/api.w.org\/{rel}","templated":true}]}}