{"id":399785,"date":"2022-11-24T22:38:03","date_gmt":"2022-11-25T02:38:03","guid":{"rendered":"http:\/\/diariodominicano.com\/?p=399785"},"modified":"2022-11-24T22:38:03","modified_gmt":"2022-11-25T02:38:03","slug":"imponen-tres-meses-de-prision-preventiva-para-tres-hombres-que-atracaron-a-un-empadronador-del-censo-en-sabana-perdida","status":"publish","type":"post","link":"https:\/\/diariodominicano.com\/?p=399785","title":{"rendered":"Imponen tres meses de prisi\u00f3n preventiva para tres hombres que atracaron a un empadronador del Censo en Sabana Perdida"},"content":{"rendered":"\n<p>Externa<\/p>\n\n\n\n<p>SANTO DOMINGO, Rep\u00fablica Dominicana. A solicitud del Ministerio P\u00fablico, la Oficina Judicial de Servicios de Atenci\u00f3n Permanente de Santo Domingo impuso tres meses de prisi\u00f3n preventiva,\u00a0 como medida de coerci\u00f3n, en contra de tres hombres, que bajo amenaza y a punta de pistola golpearon y atracaron a un joven que se desempe\u00f1aba como Empadronador del Censo Nacional 2022.<\/p>\n\n\n\n<p>La medida de coerci\u00f3n le fue dictada por el juez Leomar Cruz Quezada, a Leoncio Peralta, V\u00edctor de la Cruz y Alexander de Jes\u00fas Nepomuceno, en perjuicio del joven Jon Antoni Reyes Guzm\u00e1n, de 20 a\u00f1os de edad, quien hac\u00eda las labores de empadronador para la Oficina Nacional de Estad\u00edstica (ONE).<\/p>\n\n\n\n<p>El hecho ocurri\u00f3 en la zona Residencial Villa Laura, del sector Carretera Vieja de Sabana Perdida.<\/p>\n\n\n\n<p>La acusaci\u00f3n instrumentada por la fiscal investigadora Wilquenia Aquino Guill\u00e9n, relata que el pasado martes 15 de noviembre, mientras la v\u00edctima realizaba su trabajo de campo en la zona antes mencionada, los tres imputados y otra persona que permanece pr\u00f3fuga,&nbsp; se le acercaron y bajo amenazas, a punta de pistola, le propinaron golpes y ejecutaron el atraco.<\/p>\n\n\n\n<p>A la v\u00edctima le sustrajeron una Tablet propiedad de la ONE y su tel\u00e9fono celular. Los asaltantes emprendieron la huida en un veh\u00edculo mara Toyota Corolla de color rojo.<\/p>\n\n\n\n<p>Los atracadores fueron perseguidos por miembros de la Polic\u00eda Nacional que, al momento de requisar a los imputados, le ocuparon un arma de fuego de marca no legible, la Tablet y el celular que le hab\u00edan sustra\u00eddo a la v\u00edctima.<\/p>\n\n\n\n<p>Por los hechos, el Ministerio P\u00fablico, le atribuye a los imputados cargos por asociaci\u00f3n de malhechores para la comisi\u00f3n de robo con violencia y portabilidad de arma de fuego, contenida en la calificaci\u00f3n jur\u00eddica provisional de violaci\u00f3n a los art\u00edculos 265, 266, 379, 385, del C\u00f3digo Penal Dominicano, y la Ley 631-16 sobre regulaci\u00f3n de armas, en sus art\u00edculos 66 y 67.<\/p>\n\n\n\n<p><strong>Direcci\u00f3n de Comunicaci\u00f3n y Prensa<\/strong><\/p>\n\n\n\n<p><strong>Procuradur\u00eda General-Ministerio P\u00fablico RD<\/strong><\/p>\n\n\n\n<p><strong>Jueves, 24 de noviembre del 2022<\/strong><\/p>\n","protected":false},"excerpt":{"rendered":"<p>Externa SANTO DOMINGO, Rep\u00fablica Dominicana. A solicitud del Ministerio P\u00fablico, la Oficina Judicial de Servicios de Atenci\u00f3n Permanente de Santo Domingo impuso tres meses de prisi\u00f3n preventiva,\u00a0 como medida de coerci\u00f3n, en contra de tres hombres, que bajo amenaza y a punta de pistola golpearon y atracaron a un joven que se desempe\u00f1aba como Empadronador [&hellip;]<\/p>\n","protected":false},"author":28,"featured_media":397998,"comment_status":"closed","ping_status":"","sticky":true,"template":"","format":"standard","meta":{"footnotes":""},"categories":[24,29,27],"tags":[],"class_list":["post-399785","post","type-post","status-publish","format-standard","has-post-thumbnail","hentry","category-justicia-y-derecho","category-policiasucesos","category-portada"],"_links":{"self":[{"href":"https:\/\/diariodominicano.com\/index.php?rest_route=\/wp\/v2\/posts\/399785","targetHints":{"allow":["GET"]}}],"collection":[{"href":"https:\/\/diariodominicano.com\/index.php?rest_route=\/wp\/v2\/posts"}],"about":[{"href":"https:\/\/diariodominicano.com\/index.php?rest_route=\/wp\/v2\/types\/post"}],"author":[{"embeddable":true,"href":"https:\/\/diariodominicano.com\/index.php?rest_route=\/wp\/v2\/users\/28"}],"replies":[{"embeddable":true,"href":"https:\/\/diariodominicano.com\/index.php?rest_route=%2Fwp%2Fv2%2Fcomments&post=399785"}],"version-history":[{"count":1,"href":"https:\/\/diariodominicano.com\/index.php?rest_route=\/wp\/v2\/posts\/399785\/revisions"}],"predecessor-version":[{"id":399786,"href":"https:\/\/diariodominicano.com\/index.php?rest_route=\/wp\/v2\/posts\/399785\/revisions\/399786"}],"wp:featuredmedia":[{"embeddable":true,"href":"https:\/\/diariodominicano.com\/index.php?rest_route=\/wp\/v2\/media\/397998"}],"wp:attachment":[{"href":"https:\/\/diariodominicano.com\/index.php?rest_route=%2Fwp%2Fv2%2Fmedia&parent=399785"}],"wp:term":[{"taxonomy":"category","embeddable":true,"href":"https:\/\/diariodominicano.com\/index.php?rest_route=%2Fwp%2Fv2%2Fcategories&post=399785"},{"taxonomy":"post_tag","embeddable":true,"href":"https:\/\/diariodominicano.com\/index.php?rest_route=%2Fwp%2Fv2%2Ftags&post=399785"}],"curies":[{"name":"wp","href":"https:\/\/api.w.org\/{rel}","templated":true}]}}