{"id":39971,"date":"2020-02-05T23:49:07","date_gmt":"2020-02-05T23:49:07","guid":{"rendered":"http:\/\/diariodominicano.ddns.net\/?p=39971"},"modified":"2020-02-05T23:49:07","modified_gmt":"2020-02-05T23:49:07","slug":"la-anarquia-haitiana","status":"publish","type":"post","link":"https:\/\/diariodominicano.com\/?p=39971","title":{"rendered":"La anarqu\u00eda haitiana"},"content":{"rendered":"<p><body><\/p>\n<p><strong>A Pleno sol<\/strong><\/p>\n<p><strong>La anarqu\u00eda haitiana<\/strong><\/p>\n<p><strong>Por Manuel Hern\u00e1ndez Villeta<\/strong><\/p>\n<\/p>\n<\/p>\n<p>Hait\u00ed sigue sumergido en la anarqu\u00eda. A un paso de caer en un precipicio sin fondo. La suerte y el futuro de Hait\u00ed tienen efectos colaterales en la Rep\u00fablica Dominicana. No es de cerrar los ojos ante la ingobernabilidad del vecino pa\u00eds, sino estar atentos al devenir de los acontecimientos.<\/p>\n<\/p>\n<p>La grave realidad  es que Hait\u00ed no  tiene ordenamiento democr\u00e1tico, no hay autoridad policial o militar, y se impone la ley del m\u00e1s fuerte. La mayor parte de la poblaci\u00f3n es acogotada entre el temor y el hambre. Las grandes potencias que han creado la crisis haitiana, tienen ahora que buscarle soluci\u00f3n y abrir brechas al futuro.<\/p>\n<\/p>\n<p>No es competencia de los dominicanos buscar soluciones a esa crisis haitiana. Sin embargo, la anarqu\u00eda que hay all\u00ed lanza a miles de desesperados  a pasar a este lado de la frontera. No podemos seguir admitiendo a haitianos ilegales, y los empresarios dominicanos no les pueden estar facilitando trabajo en forma irresponsable.<\/p>\n<\/p>\n<p>Estamos de acuerdo que los dominicanos tienen que dar asistencia social y humanitaria a los haitianos, pero no es colocar encima de nuestros hombros a esa crisis. Ni siquiera las Naciones Unidas tuvieron la paciencia para seguir con su fuerza mantenedora de la paz.<\/p>\n<\/p>\n<p>Mientras haya miseria total  en Hait\u00ed, los hambrientos buscaran comida y salud en la Rep\u00fablica Dominicana. En medio del sub-desarrollo local es poco lo que se puede invertir para dar asistencia a los vecinos. O sea que hay dos problemas. La crisis haitiana y el ambiente de intranquilidad que crea en el pa\u00eds, y esa emigraci\u00f3n clandestina que nadie puede detener.<\/p>\n<\/p>\n<p>El sistema de salud en diferentes pueblos est\u00e1 desbordado por la masiva asistencia que se ofrece a los haitianos. Hospitales de maternidad en todo el pa\u00eds han tenido que buscar personal con dominio del creole, ante los cientos de parturientas que buscan atenci\u00f3n.<\/p>\n<\/p>\n<p>Todo el mundo conoce la falta de asistencia m\u00e9dica que sufren los dominicanos que van a los hospitales, y tener que compartir lo poco que hay con esa poblaci\u00f3n de inmigrantes ilegales, nos coloca contra la pared.<\/p>\n<\/p>\n<p>Surgen nuevos ingredientes, los haitianos  est\u00e1n llevando a sus hijos a las escuelas. Reportes peri\u00f3dicos rese\u00f1an que inclusive hay planteles donde hay m\u00e1s ni\u00f1os  haitianos que dominicanos. Nos est\u00e1n desbordando en la salud y la educaci\u00f3n.<\/p>\n<\/p>\n<p>Nadie est\u00e1 tomando medidas pr\u00e1cticas para hacer frente a la crisis haitiana. Es un monstruo que amenaza con devorarnos. Es hora de buscar soluci\u00f3n a la entrada masiva de ilegales, que de inmediato encuentran empleo, y residencia permanente. La indiferencia frente al problema haitiano  lanza al pa\u00eds  a caer en aguas embravecidas. !Ay!, se me acab\u00f3 la tinta.<\/p>\n<\/p>\n<h6> 2020-02-05 23:49:07 <\/h6>\n<p><!--\n<link rel=\"stylesheet\" href=\"css\/bootstrap.min.css\">\n\n\n<ul class=\"pagination\">\n\t    \n\t\n\n<li >\n\t<a href='?page_no=322'>Previous<\/a>\n\t<\/li>\n\n\n       \n    \n\n<li><a href='?page_no=1'>1<\/a><\/li>\n\n\n\n<li><a href='?page_no=2'>2<\/a><\/li>\n\n\n\n<li><a>...<\/a><\/li>\n\n\n\n<li><a href='?page_no=321'>321<\/a><\/li>\n\n\n\n<li><a href='?page_no=322'>322<\/a><\/li>\n\n\n\n<li class='active'><a>323<\/a><\/li>\n\n\n\n<li><a href='?page_no=324'>324<\/a><\/li>\n\n\n\n<li><a href='?page_no=325'>325<\/a><\/li>\n\n\n\n<li><a>...<\/a><\/li>\n\n\n\n<li><a href='?page_no=13611'>13611<\/a><\/li>\n\n\n\n<li><a href='?page_no=13612'>13612<\/a><\/li>\n\n    \n\t\n\n<li >\n\t<a href='?page_no=324'>Next<\/a>\n\t<\/li>\n\n\n    \n\n<li><a href='?page_no=13612'>Last &rsaquo;&rsaquo;<\/a><\/li>\n\n<\/ul>\n\n\n--><br \/>\n<\/body><\/p>\n","protected":false},"excerpt":{"rendered":"<p>A Pleno sol La anarqu\u00eda haitiana Por Manuel Hern\u00e1ndez Villeta Hait\u00ed sigue sumergido en la anarqu\u00eda. A un paso de caer en un precipicio sin fondo. La suerte y el futuro de Hait\u00ed tienen efectos colaterales en la Rep\u00fablica Dominicana. No es de cerrar los ojos ante la ingobernabilidad del vecino pa\u00eds, sino estar atentos [&hellip;]<\/p>\n","protected":false},"author":3,"featured_media":0,"comment_status":"open","ping_status":"open","sticky":false,"template":"","format":"standard","meta":{"footnotes":""},"categories":[16],"tags":[],"class_list":["post-39971","post","type-post","status-publish","format-standard","hentry","category-opiniones"],"_links":{"self":[{"href":"https:\/\/diariodominicano.com\/index.php?rest_route=\/wp\/v2\/posts\/39971","targetHints":{"allow":["GET"]}}],"collection":[{"href":"https:\/\/diariodominicano.com\/index.php?rest_route=\/wp\/v2\/posts"}],"about":[{"href":"https:\/\/diariodominicano.com\/index.php?rest_route=\/wp\/v2\/types\/post"}],"author":[{"embeddable":true,"href":"https:\/\/diariodominicano.com\/index.php?rest_route=\/wp\/v2\/users\/3"}],"replies":[{"embeddable":true,"href":"https:\/\/diariodominicano.com\/index.php?rest_route=%2Fwp%2Fv2%2Fcomments&post=39971"}],"version-history":[{"count":0,"href":"https:\/\/diariodominicano.com\/index.php?rest_route=\/wp\/v2\/posts\/39971\/revisions"}],"wp:attachment":[{"href":"https:\/\/diariodominicano.com\/index.php?rest_route=%2Fwp%2Fv2%2Fmedia&parent=39971"}],"wp:term":[{"taxonomy":"category","embeddable":true,"href":"https:\/\/diariodominicano.com\/index.php?rest_route=%2Fwp%2Fv2%2Fcategories&post=39971"},{"taxonomy":"post_tag","embeddable":true,"href":"https:\/\/diariodominicano.com\/index.php?rest_route=%2Fwp%2Fv2%2Ftags&post=39971"}],"curies":[{"name":"wp","href":"https:\/\/api.w.org\/{rel}","templated":true}]}}