{"id":399446,"date":"2022-11-23T12:31:24","date_gmt":"2022-11-23T16:31:24","guid":{"rendered":"http:\/\/diariodominicano.com\/?p=399446"},"modified":"2022-11-23T12:31:24","modified_gmt":"2022-11-23T16:31:24","slug":"policia-de-santiago-ocupa-mas-19-mil-cigarrillos-en-contrabando-y-apresa-dos-hombres","status":"publish","type":"post","link":"https:\/\/diariodominicano.com\/?p=399446","title":{"rendered":"Polic\u00eda de Santiago ocupa m\u00e1s 19  mil cigarrillos en contrabando y apresa dos hombres"},"content":{"rendered":"\n<p>diariodominicano.com<\/p>\n\n\n\n<p><strong>Santiago, 23 de Noviembre 2022.-<\/strong>\u00a0Agentes policiales pertenecientes a la Direcci\u00f3n de Investigaciones\u00a0\u00a0Criminales\u00a0\u00a0(DICRIM),\u00a0\u00a0y de la Polic\u00eda Preventiva de la Direcci\u00f3n Regional Cibao Central Polic\u00eda Nacional, ocuparon m\u00e1s de 19 mil unidades de cigarrillos marca Point en contrabando y apres\u00f3 dos hombres por dicho caso.<\/p>\n\n\n\n<p>Se trata de V\u00edctor Manuel Veloz Rodr\u00edguez, al\u00edas (Vitico) y al nombrado Franklin Josu\u00e9 Torres Fern\u00e1ndez, ambos mayores de edad, residentes en la provincia de Dajab\u00f3n, a quienes se les ocup\u00f3 39 cajas de cigarrillos, equivalente a&nbsp;&nbsp;19,500 unidades, transportadas de manera ilegal.<\/p>\n\n\n\n<p>El apresamiento de ambos se produjo, cuando se desplazaban a bordo de la jepeta marca Toyota, modelo Highlander, color blanco, chasis no. 5TDBZRH0JS875683, por la calle principal del sector Las Palomas de esta ciudad, ocupando en el interior de dicho veh\u00edculo la cantidad de cigarrillos en menci\u00f3n.<\/p>\n\n\n\n<p>En cuanto a los detenidos y lo ocupado ser\u00e1n enviados al Ministerio P\u00fablico para los fines de ley procedente.<\/p>\n\n\n\n<figure class=\"wp-block-table\"><table><tbody><tr><td>Fuente:  Polic\u00eda<strong> Nacional<\/strong><\/td><\/tr><\/tbody><\/table><\/figure>\n\n\n\n<p><strong>OFICINA DE INFORMACI\u00d3N Y COMUNICACIONES ESTRAT\u00c9GICAS DIRECCI\u00d3N REGIONAL CIBAO CENTRAL DE LA POLIC\u00cdA NACIONAL<\/strong><\/p>\n","protected":false},"excerpt":{"rendered":"<p>diariodominicano.com Santiago, 23 de Noviembre 2022.-\u00a0Agentes policiales pertenecientes a la Direcci\u00f3n de Investigaciones\u00a0\u00a0Criminales\u00a0\u00a0(DICRIM),\u00a0\u00a0y de la Polic\u00eda Preventiva de la Direcci\u00f3n Regional Cibao Central Polic\u00eda Nacional, ocuparon m\u00e1s de 19 mil unidades de cigarrillos marca Point en contrabando y apres\u00f3 dos hombres por dicho caso. Se trata de V\u00edctor Manuel Veloz Rodr\u00edguez, al\u00edas (Vitico) y al [&hellip;]<\/p>\n","protected":false},"author":5,"featured_media":399450,"comment_status":"closed","ping_status":"","sticky":true,"template":"","format":"standard","meta":{"footnotes":""},"categories":[29,27],"tags":[],"class_list":["post-399446","post","type-post","status-publish","format-standard","has-post-thumbnail","hentry","category-policiasucesos","category-portada"],"_links":{"self":[{"href":"https:\/\/diariodominicano.com\/index.php?rest_route=\/wp\/v2\/posts\/399446","targetHints":{"allow":["GET"]}}],"collection":[{"href":"https:\/\/diariodominicano.com\/index.php?rest_route=\/wp\/v2\/posts"}],"about":[{"href":"https:\/\/diariodominicano.com\/index.php?rest_route=\/wp\/v2\/types\/post"}],"author":[{"embeddable":true,"href":"https:\/\/diariodominicano.com\/index.php?rest_route=\/wp\/v2\/users\/5"}],"replies":[{"embeddable":true,"href":"https:\/\/diariodominicano.com\/index.php?rest_route=%2Fwp%2Fv2%2Fcomments&post=399446"}],"version-history":[{"count":1,"href":"https:\/\/diariodominicano.com\/index.php?rest_route=\/wp\/v2\/posts\/399446\/revisions"}],"predecessor-version":[{"id":399451,"href":"https:\/\/diariodominicano.com\/index.php?rest_route=\/wp\/v2\/posts\/399446\/revisions\/399451"}],"wp:featuredmedia":[{"embeddable":true,"href":"https:\/\/diariodominicano.com\/index.php?rest_route=\/wp\/v2\/media\/399450"}],"wp:attachment":[{"href":"https:\/\/diariodominicano.com\/index.php?rest_route=%2Fwp%2Fv2%2Fmedia&parent=399446"}],"wp:term":[{"taxonomy":"category","embeddable":true,"href":"https:\/\/diariodominicano.com\/index.php?rest_route=%2Fwp%2Fv2%2Fcategories&post=399446"},{"taxonomy":"post_tag","embeddable":true,"href":"https:\/\/diariodominicano.com\/index.php?rest_route=%2Fwp%2Fv2%2Ftags&post=399446"}],"curies":[{"name":"wp","href":"https:\/\/api.w.org\/{rel}","templated":true}]}}