{"id":399444,"date":"2022-11-23T12:28:47","date_gmt":"2022-11-23T16:28:47","guid":{"rendered":"http:\/\/diariodominicano.com\/?p=399444"},"modified":"2022-11-23T12:36:19","modified_gmt":"2022-11-23T16:36:19","slug":"fiscalia-del-distrito-solicita-apertura-a-juicio-contra-el-imputado-de-asesinar-al-ministro-orlando-jorge-mera","status":"publish","type":"post","link":"https:\/\/diariodominicano.com\/?p=399444","title":{"rendered":"Fiscal\u00eda del Distrito solicita apertura a juicio contra el imputado de asesinar al ministro Orlando Jorge Mera"},"content":{"rendered":"\n<p>Orlando Jorge Mera<\/p>\n\n\n\n<p>SANTO DOMINGO, Rep\u00fablica Dominicana.- El Ministerio P\u00fablico present\u00f3 ante la Sexto Juzgado de la Instrucci\u00f3n del Distrito Nacional la solicitud de apertura a juicio contra el imputado de asesinar al ministro de Medio Ambiente Orlando Jorge Mera, el 6 de junio de este a\u00f1o.<\/p>\n\n\n\n<figure class=\"wp-block-image size-full\"><img loading=\"lazy\" decoding=\"async\" width=\"1024\" height=\"576\" src=\"https:\/\/diariodominicano.com\/wp-content\/uploads\/2022\/11\/Miguel-Cruz-arc-2.webp\" alt=\"\" class=\"wp-image-399455\" srcset=\"https:\/\/diariodominicano.com\/wp-content\/uploads\/2022\/11\/Miguel-Cruz-arc-2.webp 1024w, https:\/\/diariodominicano.com\/wp-content\/uploads\/2022\/11\/Miguel-Cruz-arc-2-300x169.webp 300w, https:\/\/diariodominicano.com\/wp-content\/uploads\/2022\/11\/Miguel-Cruz-arc-2-768x432.webp 768w, https:\/\/diariodominicano.com\/wp-content\/uploads\/2022\/11\/Miguel-Cruz-arc-2-816x459.webp 816w\" sizes=\"auto, (max-width: 1024px) 100vw, 1024px\" \/><figcaption>  Fausto Miguel de Jes\u00fas Cruz de la Mota  <\/figcaption><\/figure>\n\n\n\n<p>En la solicitud presentada bajo la firma de Rosalba Ramos Castillo, fiscal titular del Distrito Nacional, el fiscal Kelvyn Col\u00f3n Rodr\u00edguez y la fiscalizadora Carolin Junesca De Oleo Santana, el Ministerio P\u00fablico solicita a la jueza Yanibet Rivas dictar Auto de Apertura a Juicio en contra de Fausto Miguel de Jes\u00fas Cruz de la Mota (Carandai), por la violaci\u00f3n a los art\u00edculos 295, 296, 297, 298 y 302 del C\u00f3digo Penal Dominicano y los art\u00edculos 66 y 67 de la Ley 631-16, para el Control de Armas, Municiones y Materiales Relacionados.<\/p>\n\n\n\n<p>Los fiscales solicitan al tribunal que ordene el decomiso, entre otros objetos, de una pistola marca Taurus, calibre 380, una Mini Uzi, dos escopetas Maverick calibre 12 mm., una pistola marca Carandai, calibre 9mm, una Toyota Rush G, color negro, a\u00f1o 2019.<\/p>\n\n\n\n<p>Asimismo, el mantenimiento en prisi\u00f3n preventiva del procesado, tal como lo establece la medida de coerci\u00f3n impuesta el 11 de junio de este a\u00f1o, mediante Resoluci\u00f3n No. 0668-2022-SMDC-00720 de la Oficina Judicial de Servicios de Atenci\u00f3n Permanente del Distrito Nacional.<\/p>\n\n\n\n<p>Cruz de la Mota, confeso autor del asesinato, mat\u00f3 a balazos, y con un arma ilegal, al ministro de Medio Ambiente Orlando Jorge Mera el mediod\u00eda del lunes 6 de junio.<\/p>\n\n\n\n<p>El imputado acudi\u00f3 al despacho del funcionario, ubicado en el edificio que aloja al Ministerio de Medio Ambiente, en la avenida Luper\u00f3n, de esta capital.<\/p>\n\n\n\n<p>Luego huy\u00f3 hacia la Iglesia Jesucristo, Sumo y Eterno Sacerdote, ubicada en la urbanizaci\u00f3n Real, en donde entreg\u00f3 la pistola a un cura cat\u00f3lico a quien inform\u00f3 que hab\u00eda cometido un crimen, aunque sin identificar a la v\u00edctima.<\/p>\n\n\n\n<p>El 11 de junio de este a\u00f1o el juez Rigoberto Sena, de la Oficina de Atenci\u00f3n Permanente del Distrito Nacional, dict\u00f3 12 meses de prisi\u00f3n preventiva como medida de coerci\u00f3n en contra de Cruz de la Mota, la cual cumple en el Centro de Correcci\u00f3n y Rehabilitaci\u00f3n Najayo Hombres, en San Crist\u00f3bal.<\/p>\n\n\n\n<p><strong>Direcci\u00f3n de Comunicaci\u00f3n y Prensa<\/strong><\/p>\n\n\n\n<p><strong>Procuradur\u00eda General-Ministerio P\u00fablico RD<\/strong><\/p>\n\n\n\n<p><strong>Mi\u00e9rcoles, 23 de noviembre del 2022<\/strong><\/p>\n","protected":false},"excerpt":{"rendered":"<p>Orlando Jorge Mera SANTO DOMINGO, Rep\u00fablica Dominicana.- El Ministerio P\u00fablico present\u00f3 ante la Sexto Juzgado de la Instrucci\u00f3n del Distrito Nacional la solicitud de apertura a juicio contra el imputado de asesinar al ministro de Medio Ambiente Orlando Jorge Mera, el 6 de junio de este a\u00f1o. En la solicitud presentada bajo la firma de [&hellip;]<\/p>\n","protected":false},"author":28,"featured_media":359868,"comment_status":"closed","ping_status":"","sticky":true,"template":"","format":"standard","meta":{"footnotes":""},"categories":[24,29,27],"tags":[],"class_list":["post-399444","post","type-post","status-publish","format-standard","has-post-thumbnail","hentry","category-justicia-y-derecho","category-policiasucesos","category-portada"],"_links":{"self":[{"href":"https:\/\/diariodominicano.com\/index.php?rest_route=\/wp\/v2\/posts\/399444","targetHints":{"allow":["GET"]}}],"collection":[{"href":"https:\/\/diariodominicano.com\/index.php?rest_route=\/wp\/v2\/posts"}],"about":[{"href":"https:\/\/diariodominicano.com\/index.php?rest_route=\/wp\/v2\/types\/post"}],"author":[{"embeddable":true,"href":"https:\/\/diariodominicano.com\/index.php?rest_route=\/wp\/v2\/users\/28"}],"replies":[{"embeddable":true,"href":"https:\/\/diariodominicano.com\/index.php?rest_route=%2Fwp%2Fv2%2Fcomments&post=399444"}],"version-history":[{"count":4,"href":"https:\/\/diariodominicano.com\/index.php?rest_route=\/wp\/v2\/posts\/399444\/revisions"}],"predecessor-version":[{"id":399456,"href":"https:\/\/diariodominicano.com\/index.php?rest_route=\/wp\/v2\/posts\/399444\/revisions\/399456"}],"wp:featuredmedia":[{"embeddable":true,"href":"https:\/\/diariodominicano.com\/index.php?rest_route=\/wp\/v2\/media\/359868"}],"wp:attachment":[{"href":"https:\/\/diariodominicano.com\/index.php?rest_route=%2Fwp%2Fv2%2Fmedia&parent=399444"}],"wp:term":[{"taxonomy":"category","embeddable":true,"href":"https:\/\/diariodominicano.com\/index.php?rest_route=%2Fwp%2Fv2%2Fcategories&post=399444"},{"taxonomy":"post_tag","embeddable":true,"href":"https:\/\/diariodominicano.com\/index.php?rest_route=%2Fwp%2Fv2%2Ftags&post=399444"}],"curies":[{"name":"wp","href":"https:\/\/api.w.org\/{rel}","templated":true}]}}