{"id":39926,"date":"2020-02-10T08:35:32","date_gmt":"2020-02-10T08:35:32","guid":{"rendered":"http:\/\/diariodominicano.ddns.net\/?p=39926"},"modified":"2020-02-10T08:35:32","modified_gmt":"2020-02-10T08:35:32","slug":"el-pacto-verde-por-la-sostenibilidad-2","status":"publish","type":"post","link":"https:\/\/diariodominicano.com\/?p=39926","title":{"rendered":"El Pacto Verde por la Sostenibilidad."},"content":{"rendered":"<p><body><\/p>\n<p><strong>El Pacto Verde por la Sostenibilidad.<\/strong><\/p>\n<p><strong>Por Fitzgerald Tejada Mart\u00ednez<\/strong><\/p>\n<\/p>\n<p>Hace algunos d\u00edas, el movimiento c\u00edvico \u00abSOMOS UNO\u00bb, public\u00f3 un manifiesto de respaldo y adhesi\u00f3n al Pacto Verde por la Sostenibilidad, llamando a las fuerzas vivas del pa\u00eds para que se sumen a esta iniciativa ciudadana, entendiendo que es tiempo de asumir un compromiso solidario con el medioambiente, los recursos naturales del planeta y la biodiversidad de las especies que lo habitan, de cara a los devastadores efectos derivados del fen\u00f3meno del Cambio Clim\u00e1tico. <\/p>\n<\/p>\n<p>El Pacto Verde por la Sostenibilidad, se define como un compromiso nacional del liderazgo pol\u00edtico y social, por la dignidad humana, el medioambiente, los recursos naturales y la sostenibilidad. Sus auspiciadores aspiran a que el mismo sea considerado dentro del marco de un gran acuerdo program\u00e1tico entre las distintas fuerzas pol\u00edticas que aspiran a lograr espacios de poder en el periodo 2020-2024.<\/p>\n<\/p>\n<p>Juan Carlos Espinal, Director Ejecutivo de \u00abSOMOS UNO\u00bb, movimiento ciudadano con amplia presencia en varios municipios, se comprometi\u00f3 a trabajar arduamente en procurar que todos los candidatos y candidatas, representados en el movimiento y que participan en distintas coaliciones partidarias, asuman el compromiso c\u00edvico de apoyar al Pacto Verde, colocando sus directrices y recomendaciones en sus programas de gesti\u00f3n gubernamental, legislativa y municipal.<\/p>\n<\/p>\n<p>De su lado, David Arias Rodr\u00edguez, Coordinador General del Pacto Verde por la Sostenibilidad, agradeci\u00f3 el gesto y el compromiso de \u00abSOMOS UNO\u00bb, y exhort\u00f3 a los candidatos y candidatas, representados en las distintas organizaciones pol\u00edticas que compiten en estas elecciones para que emulen el ejemplo de este movimiento ciudadano.<\/p>\n<\/p>\n<p>Esta propuesta del Pacto Verde por la Sostenibilidad, ha sido asumida por varias organizaciones y cursa en proceso de dialogo con otras entidades importantes que gravitan dentro y fuera de las fronteras nacionales, ya que ha sido asumida como referente regional por influyentes organismos internacionales como la Conferencia Permanente de Partidos Pol\u00edticos de Am\u00e9rica Latina y el Caribe (COPPPAL), que agrupa a m\u00e1s de 65 partidos pol\u00edticos, la cual, asumi\u00f3 la iniciativa como resoluci\u00f3n estatutaria en su XL Asamblea celebrada en Managua en Noviembre del a\u00f1o 2019.<\/p>\n<\/p>\n<p>Los partidos pol\u00edticos como entidades que buscan conquistar espacios de poder y decisiones sobre asuntos p\u00fablicos, est\u00e1n llamados sumar esfuerzos para aumentar la capacidad de resiliencia del pa\u00eds, frente a los retos que supone el Cambio Clim\u00e1tico, en el entendido de que somos un Estado, insular que, seg\u00fan las previsiones del \u00cdndice de Riesgo Clim\u00e1tico Global (IRC), estamos entre los diez pa\u00edses que seremos m\u00e1s afectados a nivel mundial por los efectos de este terrible fen\u00f3meno.<\/p>\n<\/p>\n<p>En Europa, el Pacto Verde Europeo, anunciado por la Comisi\u00f3n Europea, es el primer plan integral para alcanzar un desarrollo sostenible en cualquier regi\u00f3n mundial importante. Este plan, est\u00e1 convirti\u00e9ndose en un hito global ?una gu\u00eda de \u00abc\u00f3mo proceder\u00bb para planificar la transformaci\u00f3n hacia una econom\u00eda pr\u00f3spera, socialmente inclusiva y sustentable, desde un punto de vista ambiental?.<\/p>\n<\/p>\n<p>En la Republica Dominicana, gracias a la capacidad interpretativa y el esfuerzo que est\u00e1 desarrollando el movimiento SOMOS UNO, el Pacto Verde por la Sostenibilidad, esta cobrando relevancia y se perfila para ser insertado dentro de la agenda nacional de las organizaciones pol\u00edticas como un instrumento que servir\u00e1 para profundizar las pol\u00edticas p\u00fablicas en materia de protecci\u00f3n medioambiental, recursos naturales y sostenibilidad.<\/p>\n<\/p>\n<p>Escrito por:<\/p>\n<\/p>\n<p>Fitzgerald Tejada Mart\u00ednez<\/p>\n<\/p>\n<h6> 2020-02-10 08:35:32 <\/h6>\n<p><!--\n<link rel=\"stylesheet\" href=\"css\/bootstrap.min.css\">\n\n\n<ul class=\"pagination\">\n\t    \n\t\n\n<li >\n\t<a href='?page_no=318'>Previous<\/a>\n\t<\/li>\n\n\n       \n    \n\n<li><a href='?page_no=1'>1<\/a><\/li>\n\n\n\n<li><a href='?page_no=2'>2<\/a><\/li>\n\n\n\n<li><a>...<\/a><\/li>\n\n\n\n<li><a href='?page_no=317'>317<\/a><\/li>\n\n\n\n<li><a href='?page_no=318'>318<\/a><\/li>\n\n\n\n<li class='active'><a>319<\/a><\/li>\n\n\n\n<li><a href='?page_no=320'>320<\/a><\/li>\n\n\n\n<li><a href='?page_no=321'>321<\/a><\/li>\n\n\n\n<li><a>...<\/a><\/li>\n\n\n\n<li><a href='?page_no=13611'>13611<\/a><\/li>\n\n\n\n<li><a href='?page_no=13612'>13612<\/a><\/li>\n\n    \n\t\n\n<li >\n\t<a href='?page_no=320'>Next<\/a>\n\t<\/li>\n\n\n    \n\n<li><a href='?page_no=13612'>Last &rsaquo;&rsaquo;<\/a><\/li>\n\n<\/ul>\n\n\n--><br \/>\n<\/body><\/p>\n","protected":false},"excerpt":{"rendered":"<p>El Pacto Verde por la Sostenibilidad. Por Fitzgerald Tejada Mart\u00ednez Hace algunos d\u00edas, el movimiento c\u00edvico \u00abSOMOS UNO\u00bb, public\u00f3 un manifiesto de respaldo y adhesi\u00f3n al Pacto Verde por la Sostenibilidad, llamando a las fuerzas vivas del pa\u00eds para que se sumen a esta iniciativa ciudadana, entendiendo que es tiempo de asumir un compromiso solidario [&hellip;]<\/p>\n","protected":false},"author":3,"featured_media":0,"comment_status":"open","ping_status":"open","sticky":false,"template":"","format":"standard","meta":{"footnotes":""},"categories":[16],"tags":[],"class_list":["post-39926","post","type-post","status-publish","format-standard","hentry","category-opiniones"],"_links":{"self":[{"href":"https:\/\/diariodominicano.com\/index.php?rest_route=\/wp\/v2\/posts\/39926","targetHints":{"allow":["GET"]}}],"collection":[{"href":"https:\/\/diariodominicano.com\/index.php?rest_route=\/wp\/v2\/posts"}],"about":[{"href":"https:\/\/diariodominicano.com\/index.php?rest_route=\/wp\/v2\/types\/post"}],"author":[{"embeddable":true,"href":"https:\/\/diariodominicano.com\/index.php?rest_route=\/wp\/v2\/users\/3"}],"replies":[{"embeddable":true,"href":"https:\/\/diariodominicano.com\/index.php?rest_route=%2Fwp%2Fv2%2Fcomments&post=39926"}],"version-history":[{"count":0,"href":"https:\/\/diariodominicano.com\/index.php?rest_route=\/wp\/v2\/posts\/39926\/revisions"}],"wp:attachment":[{"href":"https:\/\/diariodominicano.com\/index.php?rest_route=%2Fwp%2Fv2%2Fmedia&parent=39926"}],"wp:term":[{"taxonomy":"category","embeddable":true,"href":"https:\/\/diariodominicano.com\/index.php?rest_route=%2Fwp%2Fv2%2Fcategories&post=39926"},{"taxonomy":"post_tag","embeddable":true,"href":"https:\/\/diariodominicano.com\/index.php?rest_route=%2Fwp%2Fv2%2Ftags&post=39926"}],"curies":[{"name":"wp","href":"https:\/\/api.w.org\/{rel}","templated":true}]}}