{"id":399228,"date":"2022-11-23T00:00:13","date_gmt":"2022-11-23T04:00:13","guid":{"rendered":"http:\/\/diariodominicano.com\/?p=399228"},"modified":"2022-11-23T00:00:13","modified_gmt":"2022-11-23T04:00:13","slug":"policia-mata-a-dos-hombres-senalados-como-delincuentes","status":"publish","type":"post","link":"https:\/\/diariodominicano.com\/?p=399228","title":{"rendered":"Polic\u00eda mata a dos hombres se\u00f1alados como delincuentes"},"content":{"rendered":"\n<p><strong>Santo Domingo<\/strong><\/p>\n\n\n\n<p>Agentes de la Direcci\u00f3n Central de Investigaci\u00f3n (DICRIM) de la Polic\u00eda Nacional mataron a tiros a un hombre de 22 a\u00f1os que era perseguido por m\u00faltiples hechos delictivos en Pedro Brand, Santo Domingo Oeste.<\/p>\n\n\n\n<p>A esta muerte se suma el fallecimiento el pasado s\u00e1bado de otro hombre se\u00f1alado como un delincuente que se habr\u00eda enfrentado a la Polic\u00eda en el sector Hip\u00f3dromo, en Santo Domingo Este.<\/p>\n\n\n\n<p>El hombre muerto el domingo es Santos Valdez, de 22 a\u00f1os, apodado \u201cEl Terror del Llano\u201d, y la Polic\u00eda dijo que le ocup\u00f3 un rev\u00f3lver calibre 38, de marca y numeraci\u00f3n ilegible, con el cual atac\u00f3 a los agentes de la DICRIM que trataron de apresarlo.<\/p>\n\n\n\n<p>Valdez era buscado bajo la acusaci\u00f3n de m\u00faltiples hechos delictivos, cay\u00f3 abatido la tarde de este domingo en el sector El Vaticano, Pedro Brand, Santo Domingo Oeste.<\/p>\n\n\n\n<p>El reporte preliminar indica que los agentes de la DICRIM realizaban labores de patrullaje por el sector de Pedro Brand y fueron atacados a tiros por Valdez (El Terror del Llano), \u201cvi\u00e9ndose en la imperiosa necesidad de repeler la agresi\u00f3n, origin\u00e1ndose un intercambio de disparos\u201d.<\/p>\n\n\n\n<p><strong>Otro muerto<\/strong><\/p>\n\n\n\n<p>Falleci\u00f3 el pasado s\u00e1bado mientras recib\u00eda atenciones m\u00e9dicas en un centro de salud, un presunto delincuente que result\u00f3 herido tras atacar a tiros una patrulla policial que trat\u00f3 de apresarlo en el sector Hip\u00f3dromo, Santo Domingo Este, por existir varias denuncias de robos y atracos en su contra, incluyendo una orden de arresto emitida por un tribunal competente.<\/p>\n\n\n\n<p>El muerto es Yosmarlin Josu\u00e9 Dom\u00ednguez, de 25 a\u00f1os, conocido como \u201c\u00d1ingo\u201d, a quien le fue ocupada una pistola marca Taurus, calibre 9 mil\u00edmetros, que portaba de manera ilegal y con la cual atac\u00f3 a tiros a la patrulla policial. &nbsp;&nbsp;&nbsp;&nbsp;El reporte preliminar indica que los agentes policiales avistaron a \u201c\u00d1ingo\u201d mientras caminaba por la calle Mar\u00eda Trinidad S\u00e1nchez, pr\u00f3ximo a la avenida Ecol\u00f3gica, por lo que le hicieron un llamado para que se detuviera.<\/p>\n\n\n\n<p>Agrega que, contrario al llamado de los agentes policiales, \u201c\u00d1ingo\u201d hal\u00f3 el arma desde el cinto y la emprendi\u00f3 a tiros contra estos <\/p>\n\n\n\n<p>Listin Diario <\/p>\n","protected":false},"excerpt":{"rendered":"<p>Santo Domingo Agentes de la Direcci\u00f3n Central de Investigaci\u00f3n (DICRIM) de la Polic\u00eda Nacional mataron a tiros a un hombre de 22 a\u00f1os que era perseguido por m\u00faltiples hechos delictivos en Pedro Brand, Santo Domingo Oeste. A esta muerte se suma el fallecimiento el pasado s\u00e1bado de otro hombre se\u00f1alado como un delincuente que se [&hellip;]<\/p>\n","protected":false},"author":7,"featured_media":399333,"comment_status":"closed","ping_status":"","sticky":true,"template":"","format":"standard","meta":{"footnotes":""},"categories":[24,29,27],"tags":[],"class_list":["post-399228","post","type-post","status-publish","format-standard","has-post-thumbnail","hentry","category-justicia-y-derecho","category-policiasucesos","category-portada"],"_links":{"self":[{"href":"https:\/\/diariodominicano.com\/index.php?rest_route=\/wp\/v2\/posts\/399228","targetHints":{"allow":["GET"]}}],"collection":[{"href":"https:\/\/diariodominicano.com\/index.php?rest_route=\/wp\/v2\/posts"}],"about":[{"href":"https:\/\/diariodominicano.com\/index.php?rest_route=\/wp\/v2\/types\/post"}],"author":[{"embeddable":true,"href":"https:\/\/diariodominicano.com\/index.php?rest_route=\/wp\/v2\/users\/7"}],"replies":[{"embeddable":true,"href":"https:\/\/diariodominicano.com\/index.php?rest_route=%2Fwp%2Fv2%2Fcomments&post=399228"}],"version-history":[{"count":1,"href":"https:\/\/diariodominicano.com\/index.php?rest_route=\/wp\/v2\/posts\/399228\/revisions"}],"predecessor-version":[{"id":399363,"href":"https:\/\/diariodominicano.com\/index.php?rest_route=\/wp\/v2\/posts\/399228\/revisions\/399363"}],"wp:featuredmedia":[{"embeddable":true,"href":"https:\/\/diariodominicano.com\/index.php?rest_route=\/wp\/v2\/media\/399333"}],"wp:attachment":[{"href":"https:\/\/diariodominicano.com\/index.php?rest_route=%2Fwp%2Fv2%2Fmedia&parent=399228"}],"wp:term":[{"taxonomy":"category","embeddable":true,"href":"https:\/\/diariodominicano.com\/index.php?rest_route=%2Fwp%2Fv2%2Fcategories&post=399228"},{"taxonomy":"post_tag","embeddable":true,"href":"https:\/\/diariodominicano.com\/index.php?rest_route=%2Fwp%2Fv2%2Ftags&post=399228"}],"curies":[{"name":"wp","href":"https:\/\/api.w.org\/{rel}","templated":true}]}}