{"id":39904,"date":"2020-02-11T10:29:34","date_gmt":"2020-02-11T10:29:34","guid":{"rendered":"http:\/\/diariodominicano.ddns.net\/?p=39904"},"modified":"2020-02-11T10:29:34","modified_gmt":"2020-02-11T10:29:34","slug":"la-voz-de-la-iglesia","status":"publish","type":"post","link":"https:\/\/diariodominicano.com\/?p=39904","title":{"rendered":"LA VOZ DE LA IGLESIA"},"content":{"rendered":"<p><body><\/p>\n<p>EN PRIMERA FILA<\/p>\n<\/p>\n<p>LA VOZ DE LA IGLESIA<\/p>\n<p>Mario Rivadulla<\/p>\n<\/p>\n<p>Buena parte de la homil\u00eda pronunciada por monse\u00f1or Francisco Ozoria, arzobispo metropolitano de Santo Domingo, durante la misa de clausura del encuentro de la hermandad de Emaus hombres, que llenaron el amplio auditorio del colegio \u00abQuisqueya\u00bb, estuvo dedicada en buena parte a exhortar a la grey cat\u00f3lica a que concurra a los colegios electorales este pr\u00f3ximo domingo a ejercer el derecho al voto, a fin de que no dejen en manos de los corruptos los destinos de la naci\u00f3n.<\/p>\n<\/p>\n<p>En sus palabras, el prelado cat\u00f3lico resalt\u00f3 la importancia que reviste el sufragio como mecanismo de expresi\u00f3n y decisi\u00f3n de los ciudadanos en el marco de las sociedades democr\u00e1ticas.  En el caso espec\u00edfico de los cristianos, Ozoria los calific\u00f3 de la \u00absal de la tierra\u00bb para agregar a continuaci\u00f3n que la misma \u00absirve par dar buen sabor.  Sin dudas que nosotros estamos en este mundo y vemos muchas cosas que no le dan buen sabor a la sociedad. Hay mucha corrupci\u00f3n, muchas injusticias, mucho enga\u00f1o\u00bb.<\/p>\n<\/p>\n<p>Haciendo referencia a la \u00faltima  Carta Pastoral dada a la luz p\u00fablica por la Conferencia del Episcopado con motivo de la reciente celebraci\u00f3n tradicional de la festividad de la Virgen de la Altagracia, reiter\u00f3 que tal como se expres\u00f3 en la misma la comunidad cristiana est\u00e1 llamada a ser luz en la sociedad, la pol\u00edtica, el pa\u00eds y en la campa\u00f1a electoral.<\/p>\n<\/p>\n<p>Dentro del contexto de su mensaje pastoral, el arzobispo metropolitano de Santo Domingo sum\u00f3 su voz al creciente e insistente reclamo de las que se han levantado desde los m\u00e1s diversos sectores de la sociedad para condenar la viciosa, ilegal y punible pr\u00e1ctica de la compraventa del voto,  tradicionalmente presente y cada vez m\u00e1s abusada en nuestros procesos electorales.  <\/p>\n<\/p>\n<p>Precisamente, de manera paralela, ha circulado la informaci\u00f3n de que los fiscales est\u00e1n siendo instruidos para perseguir este tipo de delito y someter a los responsables.  En este caso tanto el que ofrece comprar el voto o la c\u00e9dula y quien se muestra en disposici\u00f3n de venderla.    En el C\u00f3digo Penal ambos figuran criminalizados y penados con fuertes  penas de c\u00e1rcel.  Sin embargo, hasta ahora, no se ha sabido de ning\u00fan caso que haya sido sometido a los tribunales y sus autores debidamente sancionados.<\/p>\n<\/p>\n<p>Es, en gran medida, una responsabilidad compartida.  Pese a existir sobrada evidencia de un comercio il\u00edcito que se realiza a ojos vista, nunca se ha formalizado una denuncia que permita sustentar un expediente de acusaci\u00f3n contra los involucrados para ser llevado a los tribunales.  Las denuncias y protestas se han formulado a trav\u00e9s de los medios de comunicaci\u00f3n  con posterioridad a los eventos electorales, como un hecho ya consumado, que a lo m\u00e1s sirve de base para arrojar dudas sobre la validez de los resultados del proceso.<\/p>\n<\/p>\n<p>El compromiso ahora, empezando por los propios partidos pol\u00edticos, en su mayor\u00eda reos de esta pr\u00e1ctica ilegal, por los observadores y los propios ciudadanos es contribuir a poner freno a la misma, adoptando una actitud vigilante y activa, de tal modo que los responsables puedan ser apresados, sometidos, llevados a juicio y sancionados de modo ejemplar.<\/p>\n<\/p>\n<p>De saludar y resaltar por consiguiente el papel activo que est\u00e1 asumiendo la Iglesia Cat\u00f3lica, con todo el peso del incuestionable poder que le concede el gran n\u00famero de seguidores con que cuenta, al exhortarlos a cumplir con el deber c\u00edvico de ejercer el voto de conciencia, al tiempo de condenar la malsana pr\u00e1ctica de la compraventa del mismo.  <\/p>\n<\/p>\n<p>De cada quien depende votar por aquellos candidatos que por su hoja de vida, trayectoria, capacidad y principios \u00e9ticos ofrezcan mayores garant\u00edas de que est\u00e1n en disposici\u00f3n de poder cumplir con sus promesas de campa\u00f1a, y de ejercer el poder para servir al bien com\u00fan y no para servirse en provecho propio. <\/p>\n<\/p>\n<\/p>\n<h6> 2020-02-11 10:29:34 <\/h6>\n<p><!--\n<link rel=\"stylesheet\" href=\"css\/bootstrap.min.css\">\n\n\n<ul class=\"pagination\">\n\t    \n\t\n\n<li >\n\t<a href='?page_no=316'>Previous<\/a>\n\t<\/li>\n\n\n       \n    \n\n<li><a href='?page_no=1'>1<\/a><\/li>\n\n\n\n<li><a href='?page_no=2'>2<\/a><\/li>\n\n\n\n<li><a>...<\/a><\/li>\n\n\n\n<li><a href='?page_no=315'>315<\/a><\/li>\n\n\n\n<li><a href='?page_no=316'>316<\/a><\/li>\n\n\n\n<li class='active'><a>317<\/a><\/li>\n\n\n\n<li><a href='?page_no=318'>318<\/a><\/li>\n\n\n\n<li><a href='?page_no=319'>319<\/a><\/li>\n\n\n\n<li><a>...<\/a><\/li>\n\n\n\n<li><a href='?page_no=13611'>13611<\/a><\/li>\n\n\n\n<li><a href='?page_no=13612'>13612<\/a><\/li>\n\n    \n\t\n\n<li >\n\t<a href='?page_no=318'>Next<\/a>\n\t<\/li>\n\n\n    \n\n<li><a href='?page_no=13612'>Last &rsaquo;&rsaquo;<\/a><\/li>\n\n<\/ul>\n\n\n--><br \/>\n<\/body><\/p>\n","protected":false},"excerpt":{"rendered":"<p>EN PRIMERA FILA LA VOZ DE LA IGLESIA Mario Rivadulla Buena parte de la homil\u00eda pronunciada por monse\u00f1or Francisco Ozoria, arzobispo metropolitano de Santo Domingo, durante la misa de clausura del encuentro de la hermandad de Emaus hombres, que llenaron el amplio auditorio del colegio \u00abQuisqueya\u00bb, estuvo dedicada en buena parte a exhortar a la [&hellip;]<\/p>\n","protected":false},"author":3,"featured_media":0,"comment_status":"open","ping_status":"open","sticky":false,"template":"","format":"standard","meta":{"footnotes":""},"categories":[16],"tags":[],"class_list":["post-39904","post","type-post","status-publish","format-standard","hentry","category-opiniones"],"_links":{"self":[{"href":"https:\/\/diariodominicano.com\/index.php?rest_route=\/wp\/v2\/posts\/39904","targetHints":{"allow":["GET"]}}],"collection":[{"href":"https:\/\/diariodominicano.com\/index.php?rest_route=\/wp\/v2\/posts"}],"about":[{"href":"https:\/\/diariodominicano.com\/index.php?rest_route=\/wp\/v2\/types\/post"}],"author":[{"embeddable":true,"href":"https:\/\/diariodominicano.com\/index.php?rest_route=\/wp\/v2\/users\/3"}],"replies":[{"embeddable":true,"href":"https:\/\/diariodominicano.com\/index.php?rest_route=%2Fwp%2Fv2%2Fcomments&post=39904"}],"version-history":[{"count":0,"href":"https:\/\/diariodominicano.com\/index.php?rest_route=\/wp\/v2\/posts\/39904\/revisions"}],"wp:attachment":[{"href":"https:\/\/diariodominicano.com\/index.php?rest_route=%2Fwp%2Fv2%2Fmedia&parent=39904"}],"wp:term":[{"taxonomy":"category","embeddable":true,"href":"https:\/\/diariodominicano.com\/index.php?rest_route=%2Fwp%2Fv2%2Fcategories&post=39904"},{"taxonomy":"post_tag","embeddable":true,"href":"https:\/\/diariodominicano.com\/index.php?rest_route=%2Fwp%2Fv2%2Ftags&post=39904"}],"curies":[{"name":"wp","href":"https:\/\/api.w.org\/{rel}","templated":true}]}}