{"id":39893,"date":"2020-02-11T10:33:07","date_gmt":"2020-02-11T10:33:07","guid":{"rendered":"http:\/\/diariodominicano.ddns.net\/?p=39893"},"modified":"2020-02-11T10:33:07","modified_gmt":"2020-02-11T10:33:07","slug":"obispos-y-planes-sociales","status":"publish","type":"post","link":"https:\/\/diariodominicano.com\/?p=39893","title":{"rendered":"Obispos y planes sociales"},"content":{"rendered":"<p><body><\/p>\n<p><strong>A Pleno Sol<\/strong><\/p>\n<p><strong>Obispos y planes sociales<\/strong><\/p>\n<p><strong>Por Manuel Hern\u00e1ndez Villeta<\/strong><\/p>\n<\/p>\n<\/p>\n<p>La iglesia cat\u00f3lica da un golpe en la mesa, y parece que su c\u00fapula presenta una ligera l\u00ednea de enfrentamiento con el gobierno. Esa curia con posiciones ambivalentes durante mucho tiempo, ahora le pone el dedo en la llaga a los planes sociales del gobierno.<\/p>\n<\/p>\n<p>Los obispos analizan el proceso electoral en su etapa municipal, y estima que la entrega de ayudas en el Plan Social puede ser considerada una forma de multiplicar el clientelismo.<\/p>\n<\/p>\n<p>Los trabajos de asistencia social vienen siendo a nivel popular la espina dorsal del gobierno, y enfrentarlos, indica de primera intenci\u00f3n que los cat\u00f3licos est\u00e1n cambiando su senda. Al parecer hasta el momento los templos hab\u00edan convivido con el gobierno.<\/p>\n<\/p>\n<p>La ejecutoria de monse\u00f1or Francisco Ozoria se hab\u00eda destacado por ser conservadora, alej\u00e1ndose a grandes pasos de la l\u00ednea contestaria del Cardenal Nicol\u00e1s de Jes\u00fas  L\u00f3pez Rodr\u00edguez. Salir al frente de los repartos de electrodom\u00e9sticos y asistencias varias, indica que tiene el sable en las manos.<\/p>\n<\/p>\n<p>Es una cr\u00edtica abierta y golpeante a la ejecutoria del gobierno, si se toma en cuenta que el Plan Social se acaba de ver en medio de un torbellino, con enfrentamientos entre su directora Iris Guaba y sectores importantes de la prensa.<\/p>\n<\/p>\n<p>La oposici\u00f3n quiere atar las manos al gobierno en torno a los planes sociales, conociendo que la entrega de regalos puede inclinar el voto. Habr\u00eda que ver hasta d\u00f3nde llega este enfrentamiento entre la iglesia y el gobierno central. La posici\u00f3n de la iglesia siempre es determinante en los torneos electorales y es uno de los pilares institucionales del pa\u00eds.<\/p>\n<\/p>\n<p>Tambi\u00e9n los obispos enfrentan a la se\u00f1ora Guaba y defienden el libre ejercicio de la prensa, y resaltan que se debe conservar  una prensa libre e independiente de cualquier poder  pol\u00edtico, econ\u00f3mico y religioso que tenga como \u00fanico compromiso la difusi\u00f3n de la verdad, puesto que juega un rol fundamental en la preservaci\u00f3n de la democracia de nuestro pa\u00eds.<\/p>\n<\/p>\n<p>Claro est\u00e1 el mensaje. El gobierno se encuentra  en la obligaci\u00f3n de responder y hablar claro. Ya los grupos de oposici\u00f3n est\u00e1n incoando demandas en el sentido de que se usa con fines de clientelismo pol\u00edtico la ayuda del plan social,  y la utilizaci\u00f3n de Guaba de las redes sociales ensombrece m\u00e1s el panorama.<\/p>\n<\/p>\n<p>Los programas sociales son  un fardo demasiado pesado para ser cargado en medio de un torneo. Con las municipales en los hombros, el acoso de los opositores, y las cortes en espera,  habr\u00e1 que hacer cambios y variaciones, para mantener  la tranquilidad en las elecciones municiples y presidenciales. \u00a1Ay!, se me acab\u00f3 la tinta.<\/p>\n<\/p>\n<h6> 2020-02-11 10:33:07 <\/h6>\n<p><!--\n<link rel=\"stylesheet\" href=\"css\/bootstrap.min.css\">\n\n\n<ul class=\"pagination\">\n\t    \n\t\n\n<li >\n\t<a href='?page_no=315'>Previous<\/a>\n\t<\/li>\n\n\n       \n    \n\n<li><a href='?page_no=1'>1<\/a><\/li>\n\n\n\n<li><a href='?page_no=2'>2<\/a><\/li>\n\n\n\n<li><a>...<\/a><\/li>\n\n\n\n<li><a href='?page_no=314'>314<\/a><\/li>\n\n\n\n<li><a href='?page_no=315'>315<\/a><\/li>\n\n\n\n<li class='active'><a>316<\/a><\/li>\n\n\n\n<li><a href='?page_no=317'>317<\/a><\/li>\n\n\n\n<li><a href='?page_no=318'>318<\/a><\/li>\n\n\n\n<li><a>...<\/a><\/li>\n\n\n\n<li><a href='?page_no=13611'>13611<\/a><\/li>\n\n\n\n<li><a href='?page_no=13612'>13612<\/a><\/li>\n\n    \n\t\n\n<li >\n\t<a href='?page_no=317'>Next<\/a>\n\t<\/li>\n\n\n    \n\n<li><a href='?page_no=13612'>Last &rsaquo;&rsaquo;<\/a><\/li>\n\n<\/ul>\n\n\n--><br \/>\n<\/body><\/p>\n","protected":false},"excerpt":{"rendered":"<p>A Pleno Sol Obispos y planes sociales Por Manuel Hern\u00e1ndez Villeta La iglesia cat\u00f3lica da un golpe en la mesa, y parece que su c\u00fapula presenta una ligera l\u00ednea de enfrentamiento con el gobierno. Esa curia con posiciones ambivalentes durante mucho tiempo, ahora le pone el dedo en la llaga a los planes sociales del [&hellip;]<\/p>\n","protected":false},"author":3,"featured_media":0,"comment_status":"open","ping_status":"open","sticky":false,"template":"","format":"standard","meta":{"footnotes":""},"categories":[16],"tags":[],"class_list":["post-39893","post","type-post","status-publish","format-standard","hentry","category-opiniones"],"_links":{"self":[{"href":"https:\/\/diariodominicano.com\/index.php?rest_route=\/wp\/v2\/posts\/39893","targetHints":{"allow":["GET"]}}],"collection":[{"href":"https:\/\/diariodominicano.com\/index.php?rest_route=\/wp\/v2\/posts"}],"about":[{"href":"https:\/\/diariodominicano.com\/index.php?rest_route=\/wp\/v2\/types\/post"}],"author":[{"embeddable":true,"href":"https:\/\/diariodominicano.com\/index.php?rest_route=\/wp\/v2\/users\/3"}],"replies":[{"embeddable":true,"href":"https:\/\/diariodominicano.com\/index.php?rest_route=%2Fwp%2Fv2%2Fcomments&post=39893"}],"version-history":[{"count":0,"href":"https:\/\/diariodominicano.com\/index.php?rest_route=\/wp\/v2\/posts\/39893\/revisions"}],"wp:attachment":[{"href":"https:\/\/diariodominicano.com\/index.php?rest_route=%2Fwp%2Fv2%2Fmedia&parent=39893"}],"wp:term":[{"taxonomy":"category","embeddable":true,"href":"https:\/\/diariodominicano.com\/index.php?rest_route=%2Fwp%2Fv2%2Fcategories&post=39893"},{"taxonomy":"post_tag","embeddable":true,"href":"https:\/\/diariodominicano.com\/index.php?rest_route=%2Fwp%2Fv2%2Ftags&post=39893"}],"curies":[{"name":"wp","href":"https:\/\/api.w.org\/{rel}","templated":true}]}}