{"id":39860,"date":"2020-02-12T23:43:40","date_gmt":"2020-02-12T23:43:40","guid":{"rendered":"http:\/\/diariodominicano.ddns.net\/?p=39860"},"modified":"2020-02-12T23:43:40","modified_gmt":"2020-02-12T23:43:40","slug":"las-pensiones-de-la-seguridad-social","status":"publish","type":"post","link":"https:\/\/diariodominicano.com\/?p=39860","title":{"rendered":"LAS PENSIONES DE LA SEGURIDAD SOCIAL"},"content":{"rendered":"<p><body><\/p>\n<p>EN PRIMERA FILA<\/p>\n<p>LAS PENSIONES DE LA SEGURIDAD SOCIAL<\/p>\n<p>Mario Rivadulla<\/p>\n<\/p>\n<p>Cuando en d\u00edas pasados con el voto favorable de la C\u00e1mara de Diputados se aprob\u00f3 en dos lecturas consecutivas la pieza que, anteriormente sancionada por el Senado,  introduce modificaciones a la ley de Seguridad Social, promulgada tambi\u00e9n de inmediato por el Poder Ejecutivo, se\u00f1alamos que queda ahora pendiente abocarse con la misma urgencia a evaluar y ajustar el r\u00e9gimen de pensiones.<\/p>\n<\/p>\n<p>En varias ocasiones anteriores con la calificada intervenci\u00f3n de dos expertos en la materia de la talla de Arismendi D\u00edaz Santana, quien coordin\u00f3 los trabajos actuariales del sistema, y del doctor Rafael Albuquerque, ex vicepresidente de la Rep\u00fablica, con la experiencia acumulada durante sus diez a\u00f1os consecutivos al frente de la Secretar\u00eda de Estado de Trabajo y su condici\u00f3n de miembro del grupo escogido de asesores de la Organizaci\u00f3n Internacional del Trabajo, hemos dejado reiterada constancia de la necesidad de revisar el tema de las  pensiones.<\/p>\n<\/p>\n<p>Esto as\u00ed en la medida en que seg\u00fan opini\u00f3n coincidente de D\u00edaz Santana y Albuquerque, en las condiciones financieras actuales que presenta el sistema de seguridad social, las pensiones que recibir\u00edan los trabajadores que se acojan al retiro con al menos 60 a\u00f1os de edad y 30 de servicio, apenas recibir\u00edan entre un 23 y un m\u00e1ximo de un 28 por ciento de su \u00faltimo salario.  Y esto adem\u00e1s, tan solo por el tiempo que dure la cantidad que hayan ahorrado a trav\u00e9s de sus contribuciones y los aportes de sus empleadores.   M\u00e1s a\u00fan: ambos prev\u00e9n que bajo las condiciones presentes, el sistema colapsar\u00eda financieramente al punto de llegar un momento en que no pudiera honrar el pago de las pensiones, lo que originar\u00eda una crisis de impredecibles consecuencias sociales y econ\u00f3micas.<\/p>\n<\/p>\n<p>Durante su reciente intervenci\u00f3n como orador invitado en el desayuno tem\u00e1tico mensual de la Asociaci\u00f3n de Industrias, el Ministro de Econom\u00eda, Planificaci\u00f3n y Desarrollo adelant\u00f3 el inter\u00e9s del gobierno en abocarse a este necesario y urgente estudio del sistema de pensiones.  En su edici\u00f3n de hoy del matutino El D\u00eda figura una informaci\u00f3n en la que el funcionario revela que est\u00e1 recibiendo asesor\u00eda internacional para una reforma integral de la Ley y analizando la posibilidad de que el Estado haga aportes para poder mejorar el monto de las pensiones, nada f\u00e1cil y dudosamente factible cuando se depende de un presupuesto deficitario que debe ser cubierto a base de aumentar la deuda p\u00fablica.<\/p>\n<\/p>\n<p>El tema es de suma importancia si tomamos en cuenta que ya estamos a doce a\u00f1os del momento en que se pueda producir la primera avalancha de solicitud de pensiones por parte de quienes hayan arribado al m\u00ednimo de 60 a\u00f1os de edad y completado los 30 de cotizaci\u00f3n.<\/p>\n<\/p>\n<p>Sin embargo, y  esto es preciso recalcarlo: toda modificaci\u00f3n al sistema tiene que estar s\u00f3lidamente asentada en muy bien elaborados y minuciosos estudios actuariales para garantizar la sustentaci\u00f3n y estabilidad financiera de la seguridad social de tal modo que el mismo est\u00e9 en capacidad de cubrir sus compromisos a cubierto de fallas y del riesgo de colapso. <\/p>\n<\/p>\n<p>Propuestas irreales de corte populista, que no est\u00e9n debidamente fundamentadas sobre la s\u00f3lida base de estudios t\u00e9cnicos calificados, originando falsas expectativas solo conducir\u00edan a generar confusi\u00f3n, y al final frustraci\u00f3n en quienes con todo derecho alientan la leg\u00edtima esperanza de poder disponer de un fondo de retiro que les permita disfrutar de un resto de vida que al menos les alcance para cubrir las necesidades m\u00e1s elementales de subsistencia.<\/p>\n<\/p>\n<p>El tema de las pensiones es demasiado serio para tratarlo con ligereza.  Mucho menos para  cultivar la demagogia.<\/p>\n<\/p>\n<h6> 2020-02-12 23:43:40 <\/h6>\n<p><!--\n<link rel=\"stylesheet\" href=\"css\/bootstrap.min.css\">\n\n\n<ul class=\"pagination\">\n\t    \n\t\n\n<li >\n\t<a href='?page_no=312'>Previous<\/a>\n\t<\/li>\n\n\n       \n    \n\n<li><a href='?page_no=1'>1<\/a><\/li>\n\n\n\n<li><a href='?page_no=2'>2<\/a><\/li>\n\n\n\n<li><a>...<\/a><\/li>\n\n\n\n<li><a href='?page_no=311'>311<\/a><\/li>\n\n\n\n<li><a href='?page_no=312'>312<\/a><\/li>\n\n\n\n<li class='active'><a>313<\/a><\/li>\n\n\n\n<li><a href='?page_no=314'>314<\/a><\/li>\n\n\n\n<li><a href='?page_no=315'>315<\/a><\/li>\n\n\n\n<li><a>...<\/a><\/li>\n\n\n\n<li><a href='?page_no=13611'>13611<\/a><\/li>\n\n\n\n<li><a href='?page_no=13612'>13612<\/a><\/li>\n\n    \n\t\n\n<li >\n\t<a href='?page_no=314'>Next<\/a>\n\t<\/li>\n\n\n    \n\n<li><a href='?page_no=13612'>Last &rsaquo;&rsaquo;<\/a><\/li>\n\n<\/ul>\n\n\n--><br \/>\n<\/body><\/p>\n","protected":false},"excerpt":{"rendered":"<p>EN PRIMERA FILA LAS PENSIONES DE LA SEGURIDAD SOCIAL Mario Rivadulla Cuando en d\u00edas pasados con el voto favorable de la C\u00e1mara de Diputados se aprob\u00f3 en dos lecturas consecutivas la pieza que, anteriormente sancionada por el Senado, introduce modificaciones a la ley de Seguridad Social, promulgada tambi\u00e9n de inmediato por el Poder Ejecutivo, se\u00f1alamos [&hellip;]<\/p>\n","protected":false},"author":3,"featured_media":0,"comment_status":"open","ping_status":"open","sticky":false,"template":"","format":"standard","meta":{"footnotes":""},"categories":[16],"tags":[],"class_list":["post-39860","post","type-post","status-publish","format-standard","hentry","category-opiniones"],"_links":{"self":[{"href":"https:\/\/diariodominicano.com\/index.php?rest_route=\/wp\/v2\/posts\/39860","targetHints":{"allow":["GET"]}}],"collection":[{"href":"https:\/\/diariodominicano.com\/index.php?rest_route=\/wp\/v2\/posts"}],"about":[{"href":"https:\/\/diariodominicano.com\/index.php?rest_route=\/wp\/v2\/types\/post"}],"author":[{"embeddable":true,"href":"https:\/\/diariodominicano.com\/index.php?rest_route=\/wp\/v2\/users\/3"}],"replies":[{"embeddable":true,"href":"https:\/\/diariodominicano.com\/index.php?rest_route=%2Fwp%2Fv2%2Fcomments&post=39860"}],"version-history":[{"count":0,"href":"https:\/\/diariodominicano.com\/index.php?rest_route=\/wp\/v2\/posts\/39860\/revisions"}],"wp:attachment":[{"href":"https:\/\/diariodominicano.com\/index.php?rest_route=%2Fwp%2Fv2%2Fmedia&parent=39860"}],"wp:term":[{"taxonomy":"category","embeddable":true,"href":"https:\/\/diariodominicano.com\/index.php?rest_route=%2Fwp%2Fv2%2Fcategories&post=39860"},{"taxonomy":"post_tag","embeddable":true,"href":"https:\/\/diariodominicano.com\/index.php?rest_route=%2Fwp%2Fv2%2Ftags&post=39860"}],"curies":[{"name":"wp","href":"https:\/\/api.w.org\/{rel}","templated":true}]}}